{"id":1031,"date":"2023-04-21T10:56:38","date_gmt":"2023-04-21T08:56:38","guid":{"rendered":"https:\/\/www.klimainitiative-windeck.de\/?p=1031"},"modified":"2023-04-21T11:01:34","modified_gmt":"2023-04-21T09:01:34","slug":"film-abend-am-tag-des-wassers-am-22-03-2023","status":"publish","type":"post","link":"https:\/\/www.klimainitiative-windeck.de\/index.php\/2023\/04\/21\/film-abend-am-tag-des-wassers-am-22-03-2023\/","title":{"rendered":"Film-Abend am Tag des Wassers am 22.03.2023"},"content":{"rendered":"\n<p>Am Abend des Tages des Wassers luden wir zu einem Film-Abend in die Lounge des Biergartens Elmores ein. Neben dem Dokumentarfilm (Hessischer Rundfunk 2022) \u201eDie Ressource Wasser wird knapp\u201c hatten wir Heike Hamann (Betriebsleiterin der Gemeindewerke Windeck) und Dr. Dirk Schulz (Klimaschutzmanager der Gemeinde Windeck) zu Gast.<\/p>\n\n\n\n<p>Frau Hamann stellte die Wasserversorgung f\u00fcr Windeck dar, welche durch Wasser aus verschiedenen Quellen und Wasser aus der Aggertalsperre und der Wahnbachtalsperre sichergestellt wird. Die Qualit\u00e4t des Wassers ist sehr gut und mit dem H\u00e4rtegrad \u201eweich\u201c auch sehr bek\u00f6mmlich. Die Kosten f\u00fcr die Wasserversorgung f\u00fcr Windecker B\u00fcrger sind relativ hoch. Dies liegt daran, dass Windeck eine Fl\u00e4chengemeinde ist und somit z. B. viele Leitungen gelegt und gewartet werden m\u00fcssen. Im Anschluss an ihren Vortrag beantwortete Frau Hamann noch einige Fragen aus dem Publikum.<\/p>\n\n\n\n<p>Herr Schulz stellte sich vor und berichtete \u00fcber seine Aufgabenfelder in der Gemeinde Windeck. Ein besonderes aktuelles Anliegen ist das Refill-Projekt, f\u00fcr welches er wirbt. Es geht darum, dass in der Gemeinde sowohl Firmen und Gesch\u00e4fte, als auch Privatpersonen, sich bereit erkl\u00e4ren, Leitungswasser zur kostenlosen Verf\u00fcgung zu stellen. Damit diese \u201eWasserstellen\u201c gut zu erkennen sind, gibt es Aufkleber, die an die T\u00fcren geklebt werden k\u00f6nnen und sofort zu erkennen sind, wenn durstige Wanderer vorbeikommen. <a href=\"https:\/\/refill-deutschland.de\/\">https:\/\/refill-deutschland.de\/<\/a><\/p>\n\n\n\n<p>Die Buchhandlung Schl\u00f6sser unterst\u00fctzte durch einen B\u00fcchertisch rund um das Thema Wasser.<\/p>\n\n\n\n<p>Der Dokumentarfilm zeigte u. a. die Zusammenh\u00e4nge von Wasserverbr\u00e4uchen und Wasserbedarfen wie z. B. in einem Gro\u00dfstadtgebiet rund um Frankfurt auf. Der Film zeigt viele interessante Aspekte und ist in der Mediathek aktuell noch nachzuschauen.<\/p>\n\n\n\n<p>Das Thema \u201eDie Ressource Wasser\u201c wurde an diesem Abend aus verschiedenen Blickwinkeln beleuchtet, war sehr informativ und hat zum Nachdenken angeregt.<\/p>\n\n\n\n<p class=\"has-text-align-right\"><em>Text: Lioba Herbst<\/em><\/p>\n","protected":false},"excerpt":{"rendered":"<p>Am Abend des Tages des Wassers luden wir zu einem Film-Abend in die Lounge des Biergartens Elmores ein. Neben dem Dokumentarfilm (Hessischer Rundfunk 2022) \u201eDie Ressource Wasser wird knapp\u201c hatten wir Heike Hamann (Betriebsleiterin der Gemeindewerke Windeck) und Dr. Dirk Schulz (Klimaschutzmanager der Gemeinde Windeck) zu Gast. Frau Hamann stellte die Wasserversorgung f\u00fcr Windeck dar, [&hellip;]<\/p>\n","protected":false},"author":1,"featured_media":1032,"comment_status":"closed","ping_status":"open","sticky":false,"template":"","format":"standard","meta":{"site-sidebar-layout":"default","site-content-layout":"","ast-site-content-layout":"default","site-content-style":"default","site-sidebar-style":"default","ast-global-header-display":"","ast-banner-title-visibility":"","ast-main-header-display":"","ast-hfb-above-header-display":"","ast-hfb-below-header-display":"","ast-hfb-mobile-header-display":"","site-post-title":"","ast-breadcrumbs-content":"","ast-featured-img":"","footer-sml-layout":"","ast-disable-related-posts":"","theme-transparent-header-meta":"","adv-header-id-meta":"","stick-header-meta":"","header-above-stick-meta":"","header-main-stick-meta":"","header-below-stick-meta":"","astra-migrate-meta-layouts":"default","ast-page-background-enabled":"default","ast-page-background-meta":{"desktop":{"background-color":"var(--ast-global-color-4)","background-image":"","background-repeat":"repeat","background-position":"center center","background-size":"auto","background-attachment":"scroll","background-type":"","background-media":"","overlay-type":"","overlay-color":"","overlay-opacity":"","overlay-gradient":""},"tablet":{"background-color":"","background-image":"","background-repeat":"repeat","background-position":"center center","background-size":"auto","background-attachment":"scroll","background-type":"","background-media":"","overlay-type":"","overlay-color":"","overlay-opacity":"","overlay-gradient":""},"mobile":{"background-color":"","background-image":"","background-repeat":"repeat","background-position":"center center","background-size":"auto","background-attachment":"scroll","background-type":"","background-media":"","overlay-type":"","overlay-color":"","overlay-opacity":"","overlay-gradient":""}},"ast-content-background-meta":{"desktop":{"background-color":"var(--ast-global-color-5)","background-image":"","background-repeat":"repeat","background-position":"center center","background-size":"auto","background-attachment":"scroll","background-type":"","background-media":"","overlay-type":"","overlay-color":"","overlay-opacity":"","overlay-gradient":""},"tablet":{"background-color":"var(--ast-global-color-5)","background-image":"","background-repeat":"repeat","background-position":"center center","background-size":"auto","background-attachment":"scroll","background-type":"","background-media":"","overlay-type":"","overlay-color":"","overlay-opacity":"","overlay-gradient":""},"mobile":{"background-color":"var(--ast-global-color-5)","background-image":"","background-repeat":"repeat","background-position":"center center","background-size":"auto","background-attachment":"scroll","background-type":"","background-media":"","overlay-type":"","overlay-color":"","overlay-opacity":"","overlay-gradient":""}},"footnotes":""},"categories":[6,58],"tags":[],"class_list":["post-1031","post","type-post","status-publish","format-standard","has-post-thumbnail","hentry","category-konsum","category-wasser"],"_links":{"self":[{"href":"https:\/\/www.klimainitiative-windeck.de\/index.php\/wp-json\/wp\/v2\/posts\/1031","targetHints":{"allow":["GET"]}}],"collection":[{"href":"https:\/\/www.klimainitiative-windeck.de\/index.php\/wp-json\/wp\/v2\/posts"}],"about":[{"href":"https:\/\/www.klimainitiative-windeck.de\/index.php\/wp-json\/wp\/v2\/types\/post"}],"author":[{"embeddable":true,"href":"https:\/\/www.klimainitiative-windeck.de\/index.php\/wp-json\/wp\/v2\/users\/1"}],"replies":[{"embeddable":true,"href":"https:\/\/www.klimainitiative-windeck.de\/index.php\/wp-json\/wp\/v2\/comments?post=1031"}],"version-history":[{"count":0,"href":"https:\/\/www.klimainitiative-windeck.de\/index.php\/wp-json\/wp\/v2\/posts\/1031\/revisions"}],"wp:featuredmedia":[{"embeddable":true,"href":"https:\/\/www.klimainitiative-windeck.de\/index.php\/wp-json\/wp\/v2\/media\/1032"}],"wp:attachment":[{"href":"https:\/\/www.klimainitiative-windeck.de\/index.php\/wp-json\/wp\/v2\/media?parent=1031"}],"wp:term":[{"taxonomy":"category","embeddable":true,"href":"https:\/\/www.klimainitiative-windeck.de\/index.php\/wp-json\/wp\/v2\/categories?post=1031"},{"taxonomy":"post_tag","embeddable":true,"href":"https:\/\/www.klimainitiative-windeck.de\/index.php\/wp-json\/wp\/v2\/tags?post=1031"}],"curies":[{"name":"wp","href":"https:\/\/api.w.org\/{rel}","templated":true}]}}