{"id":1320,"date":"2024-02-17T19:05:22","date_gmt":"2024-02-17T18:05:22","guid":{"rendered":"https:\/\/www.klimainitiative-windeck.de\/?p=1320"},"modified":"2024-02-17T19:10:02","modified_gmt":"2024-02-17T18:10:02","slug":"balkonkraftwerk-in-windeck-fazit-nach-einem-jahr","status":"publish","type":"post","link":"https:\/\/www.klimainitiative-windeck.de\/index.php\/2024\/02\/17\/balkonkraftwerk-in-windeck-fazit-nach-einem-jahr\/","title":{"rendered":"Balkonkraftwerk in Windeck: Fazit nach einem Jahr"},"content":{"rendered":"\n<p>Im Februar 2023 installierte ein Mitglied der Klimainitiative an seiner Terrasse ein Balkon-Solarkraftwerk und <a href=\"https:\/\/www.klimainitiative-windeck.de\/index.php\/2023\/02\/17\/solarstrom-in-windeck-selbst-produzieren\/\" data-type=\"post\" data-id=\"928\">berichtete hier<\/a> \u00fcber seine Erfahrungen beim Aufbau.<\/p>\n\n\n\n<p>Nun ist ein Jahr vergangen und Zeit f\u00fcr eine Zwischenbilanz.<\/p>\n\n\n\n<h2 class=\"wp-block-heading\">Produktion<\/h2>\n\n\n\n<p>Meine Produktionssch\u00e4tzung hatte ich sehr vorsichtig mit 400 kWh angesetzt. Tats\u00e4chlich hat die Anlage nach 365 Tagen 601,7 kWh produziert. Davon wurden 371 kWh eingespeist, d. h. 230 kWh haben wir selbst verbraucht. Die Eigenverbrauchsquote ist mit 38% relativ gering. Und das obwohl ich im Homeoffice arbeite und darauf geachtet hatte Waschmaschine und Geschirrsp\u00fcler m\u00f6glichst bei Sonnenschein anzustellen. Vermutlich liegt das daran, dass wir insgesamt relativ wenig Strom verbrauchen. Im Abrechnungszeitraum 2022, also bevor das Balkonkraftwerk installiert wurde, lag der Stromverbrauch unseres 2-Personenhaushalts bei 1565 kWh im Jahr.<\/p>\n\n\n\n<figure class=\"wp-block-image aligncenter size-large is-resized\"><img loading=\"lazy\" decoding=\"async\" width=\"539\" height=\"1024\" src=\"https:\/\/www.klimainitiative-windeck.de\/wp-content\/uploads\/2024\/02\/Ertragsstatistik-539x1024.png\" alt=\"Die Grafik zeigt die Gesamtproduktion von 601,7 kWh und die die monatliche Produktion f\u00fcr das Jahr 2023.\" class=\"wp-image-1319\" style=\"width:auto;height:600px\" srcset=\"https:\/\/www.klimainitiative-windeck.de\/wp-content\/uploads\/2024\/02\/Ertragsstatistik-539x1024.png 539w, https:\/\/www.klimainitiative-windeck.de\/wp-content\/uploads\/2024\/02\/Ertragsstatistik-158x300.png 158w, https:\/\/www.klimainitiative-windeck.de\/wp-content\/uploads\/2024\/02\/Ertragsstatistik-768x1459.png 768w, https:\/\/www.klimainitiative-windeck.de\/wp-content\/uploads\/2024\/02\/Ertragsstatistik-809x1536.png 809w, https:\/\/www.klimainitiative-windeck.de\/wp-content\/uploads\/2024\/02\/Ertragsstatistik.png 1077w\" sizes=\"auto, (max-width: 539px) 100vw, 539px\" \/><figcaption class=\"wp-element-caption\">Die S\u00e4ulen stellen die monatliche Stromproduktion f\u00fcr das Jahr 2023 dar. Oben steht die Gesamtproduktion zum Stichtag 14.02.2024 laut der \u00dcberwachungsapp. Wahrscheinlich hat das Kraftwerk aber noch mehr Strom produziert als hier angezeigt, denn unser Jahresverbrauch lag deutlich unter dem des Vorjahres.<\/figcaption><\/figure>\n\n\n\n<h2 class=\"wp-block-heading\">Ersparnis<\/h2>\n\n\n\n<p>F\u00fcr 2023 hat unser Stromversorger nur noch 1024 kWh in Rechnung gestellt, also 541 kWh weniger als im Jahr zuvor. 180\u20ac haben wir zur\u00fcckbekommen. Das ist \u00fcberraschend viel Ersparnis und das obwohl unser Abrechnungszeitraum im September endet. Die abgerechneten Monate Oktober 2022 bis Januar 2023 hatte das Kraftwerk also noch gar nicht unterst\u00fctzt. Erwartet hatte ich daher eine Ersparnis von ca. 200 kWh. Das w\u00e4re n\u00e4mlich der Betrag, den wir bis September durch unser Kraftwerk selbst erzeugt und verbraucht hatten. Dass wir nun so viel weniger verbraucht hatten, kann ich mir in erster Linie nur damit erkl\u00e4ren, dass das Kraftwerk tats\u00e4chlich mehr Strom erzeugt als die \u00dcberwachungsapp anzeigt. Neue Stromsparma\u00dfnahmen hatten wir n\u00e4mlich keine getroffen.<\/p>\n\n\n\n<h2 class=\"wp-block-heading\">Fazit<\/h2>\n\n\n\n<p>Angenommen wir sparen auch in den kommenden Jahren um die 180\u20ac pro Jahr an Stromkosten, dann h\u00e4tte sich das Kraftwerk nach ca. 4,5 Jahren amortisiert. Urspr\u00fcnglich war ich von 8 Jahren Amortisationszeit ausgegangen. Wenn man nun noch ber\u00fccksichtigt, dass vergleichbare Anlagen mit Halterungen mittlerweile f\u00fcr 500\u20ac zu haben sind (ich hatte noch 800\u20ac insgesamt bezahlt), dann h\u00e4tte sich eine neue Anlage bei uns schon nach ca. 3 Jahren amortisiert. Schafft man noch eine h\u00f6here Eigenverbrauchsquote oder hat das Gl\u00fcck eine <a href=\"https:\/\/www.rhein-sieg-kreis.de\/mobilitaet-umwelt\/natur-energie\/klimafonds\/Foerderung-Stecker-PV.php\">F\u00f6rderung f\u00fcr ein Balkonkraftwerk<\/a> zu erhalten, dann w\u00fcrde sich die Amortisationszeit nochmals drastisch verk\u00fcrzen.<\/p>\n\n\n\n<p>Ich kann daher nur jedem raten: wer die M\u00f6glichkeit hat ein Balkonkraftwerk an einem geeigneten Standort zu installieren, der sollte das unbedingt tun. Es lohnt sich f\u00fcr den Geldbeutel und f\u00fcr das Klima.<\/p>\n\n\n\n<p class=\"has-text-align-right\"><em>Text: Ingmar Steinicke<\/em><\/p>\n","protected":false},"excerpt":{"rendered":"<p>Im Februar 2023 installierte ein Mitglied der Klimainitiative an seiner Terrasse ein Balkon-Solarkraftwerk und berichtete hier \u00fcber seine Erfahrungen beim Aufbau. Nun ist ein Jahr vergangen und Zeit f\u00fcr eine Zwischenbilanz. Produktion Meine Produktionssch\u00e4tzung hatte ich sehr vorsichtig mit 400 kWh angesetzt. Tats\u00e4chlich hat die Anlage nach 365 Tagen 601,7 kWh produziert. Davon wurden 371 [&hellip;]<\/p>\n","protected":false},"author":1,"featured_media":931,"comment_status":"closed","ping_status":"open","sticky":false,"template":"","format":"standard","meta":{"site-sidebar-layout":"default","site-content-layout":"","ast-site-content-layout":"default","site-content-style":"default","site-sidebar-style":"default","ast-global-header-display":"","ast-banner-title-visibility":"","ast-main-header-display":"","ast-hfb-above-header-display":"","ast-hfb-below-header-display":"","ast-hfb-mobile-header-display":"","site-post-title":"","ast-breadcrumbs-content":"","ast-featured-img":"","footer-sml-layout":"","ast-disable-related-posts":"","theme-transparent-header-meta":"","adv-header-id-meta":"","stick-header-meta":"","header-above-stick-meta":"","header-main-stick-meta":"","header-below-stick-meta":"","astra-migrate-meta-layouts":"set","ast-page-background-enabled":"default","ast-page-background-meta":{"desktop":{"background-color":"var(--ast-global-color-4)","background-image":"","background-repeat":"repeat","background-position":"center center","background-size":"auto","background-attachment":"scroll","background-type":"","background-media":"","overlay-type":"","overlay-color":"","overlay-opacity":"","overlay-gradient":""},"tablet":{"background-color":"","background-image":"","background-repeat":"repeat","background-position":"center center","background-size":"auto","background-attachment":"scroll","background-type":"","background-media":"","overlay-type":"","overlay-color":"","overlay-opacity":"","overlay-gradient":""},"mobile":{"background-color":"","background-image":"","background-repeat":"repeat","background-position":"center center","background-size":"auto","background-attachment":"scroll","background-type":"","background-media":"","overlay-type":"","overlay-color":"","overlay-opacity":"","overlay-gradient":""}},"ast-content-background-meta":{"desktop":{"background-color":"var(--ast-global-color-5)","background-image":"","background-repeat":"repeat","background-position":"center center","background-size":"auto","background-attachment":"scroll","background-type":"","background-media":"","overlay-type":"","overlay-color":"","overlay-opacity":"","overlay-gradient":""},"tablet":{"background-color":"var(--ast-global-color-5)","background-image":"","background-repeat":"repeat","background-position":"center center","background-size":"auto","background-attachment":"scroll","background-type":"","background-media":"","overlay-type":"","overlay-color":"","overlay-opacity":"","overlay-gradient":""},"mobile":{"background-color":"var(--ast-global-color-5)","background-image":"","background-repeat":"repeat","background-position":"center center","background-size":"auto","background-attachment":"scroll","background-type":"","background-media":"","overlay-type":"","overlay-color":"","overlay-opacity":"","overlay-gradient":""}},"footnotes":""},"categories":[7],"tags":[],"class_list":["post-1320","post","type-post","status-publish","format-standard","has-post-thumbnail","hentry","category-energie"],"_links":{"self":[{"href":"https:\/\/www.klimainitiative-windeck.de\/index.php\/wp-json\/wp\/v2\/posts\/1320","targetHints":{"allow":["GET"]}}],"collection":[{"href":"https:\/\/www.klimainitiative-windeck.de\/index.php\/wp-json\/wp\/v2\/posts"}],"about":[{"href":"https:\/\/www.klimainitiative-windeck.de\/index.php\/wp-json\/wp\/v2\/types\/post"}],"author":[{"embeddable":true,"href":"https:\/\/www.klimainitiative-windeck.de\/index.php\/wp-json\/wp\/v2\/users\/1"}],"replies":[{"embeddable":true,"href":"https:\/\/www.klimainitiative-windeck.de\/index.php\/wp-json\/wp\/v2\/comments?post=1320"}],"version-history":[{"count":0,"href":"https:\/\/www.klimainitiative-windeck.de\/index.php\/wp-json\/wp\/v2\/posts\/1320\/revisions"}],"wp:featuredmedia":[{"embeddable":true,"href":"https:\/\/www.klimainitiative-windeck.de\/index.php\/wp-json\/wp\/v2\/media\/931"}],"wp:attachment":[{"href":"https:\/\/www.klimainitiative-windeck.de\/index.php\/wp-json\/wp\/v2\/media?parent=1320"}],"wp:term":[{"taxonomy":"category","embeddable":true,"href":"https:\/\/www.klimainitiative-windeck.de\/index.php\/wp-json\/wp\/v2\/categories?post=1320"},{"taxonomy":"post_tag","embeddable":true,"href":"https:\/\/www.klimainitiative-windeck.de\/index.php\/wp-json\/wp\/v2\/tags?post=1320"}],"curies":[{"name":"wp","href":"https:\/\/api.w.org\/{rel}","templated":true}]}}