{"id":1658,"date":"2025-09-17T21:40:58","date_gmt":"2025-09-17T19:40:58","guid":{"rendered":"https:\/\/www.klimainitiative-windeck.de\/?p=1658"},"modified":"2025-09-17T21:41:08","modified_gmt":"2025-09-17T19:41:08","slug":"gespraech-mit-der-wirtschaftsministerin-von-nrw","status":"publish","type":"post","link":"https:\/\/www.klimainitiative-windeck.de\/index.php\/2025\/09\/17\/gespraech-mit-der-wirtschaftsministerin-von-nrw\/","title":{"rendered":"Gespr\u00e4ch mit der Wirtschaftsministerin von NRW"},"content":{"rendered":"\n<p>Mona Neubaur (B\u00fcndnis 90 \/ Die Gr\u00fcnen) war zu Gast in Windeck. Beim \u201eFest f\u00fcr Windeck am 31.08.2025 nahm sie auf der Podiumsdiskussion zu verschiedenen Themen Stellung. Wir hatten die M\u00f6glichkeit, im Vorfeld eine halbe Stunde mit Frau Neubaur zu sprechen und uns mit ihr \u00fcber Themen, die uns besch\u00e4ftigen und die uns Sorgen machen, auszutauschen. Es war ein entspanntes Treffen und Frau Neubaur hat viele unserer Fragen beantwortet. Wir haben sie als stellvertretende Ministerpr\u00e4sidentin des Landes NRW gebeten, das Windecker L\u00e4ndchen weiterhin darin zu unterst\u00fctzen, Verbesserungen f\u00fcr die Menschen auf den Weg zu bringen. Dazu geh\u00f6ren u.a. die B\u00fcrgerbeteiligung bei Gewinnen aus der Windenergie, ebenso wie Verbesserungen im Mobilit\u00e4tsbereich auf der Siegtalstrecke f\u00fcr den Zugverkehr und auch der Ausbau der Verkehrsinfrastruktur f\u00fcr Fahrradfahrer*innen.<\/p>\n\n\n\n<p>Frau Neubaur hat sich viel Zeit f\u00fcr uns genommen &#8211; das war gut!<\/p>\n\n\n\n<p><\/p>\n","protected":false},"excerpt":{"rendered":"<p>Mona Neubaur (B\u00fcndnis 90 \/ Die Gr\u00fcnen) war zu Gast in Windeck. Beim \u201eFest f\u00fcr Windeck am 31.08.2025 nahm sie auf der Podiumsdiskussion zu verschiedenen Themen Stellung. Wir hatten die M\u00f6glichkeit, im Vorfeld eine halbe Stunde mit Frau Neubaur zu sprechen und uns mit ihr \u00fcber Themen, die uns besch\u00e4ftigen und die uns Sorgen machen, [&hellip;]<\/p>\n","protected":false},"author":1,"featured_media":1659,"comment_status":"closed","ping_status":"open","sticky":false,"template":"","format":"standard","meta":{"site-sidebar-layout":"default","site-content-layout":"","ast-site-content-layout":"default","site-content-style":"default","site-sidebar-style":"default","ast-global-header-display":"","ast-banner-title-visibility":"","ast-main-header-display":"","ast-hfb-above-header-display":"","ast-hfb-below-header-display":"","ast-hfb-mobile-header-display":"","site-post-title":"","ast-breadcrumbs-content":"","ast-featured-img":"","footer-sml-layout":"","ast-disable-related-posts":"","theme-transparent-header-meta":"","adv-header-id-meta":"","stick-header-meta":"","header-above-stick-meta":"","header-main-stick-meta":"","header-below-stick-meta":"","astra-migrate-meta-layouts":"set","ast-page-background-enabled":"default","ast-page-background-meta":{"desktop":{"background-color":"var(--ast-global-color-4)","background-image":"","background-repeat":"repeat","background-position":"center center","background-size":"auto","background-attachment":"scroll","background-type":"","background-media":"","overlay-type":"","overlay-color":"","overlay-opacity":"","overlay-gradient":""},"tablet":{"background-color":"","background-image":"","background-repeat":"repeat","background-position":"center center","background-size":"auto","background-attachment":"scroll","background-type":"","background-media":"","overlay-type":"","overlay-color":"","overlay-opacity":"","overlay-gradient":""},"mobile":{"background-color":"","background-image":"","background-repeat":"repeat","background-position":"center center","background-size":"auto","background-attachment":"scroll","background-type":"","background-media":"","overlay-type":"","overlay-color":"","overlay-opacity":"","overlay-gradient":""}},"ast-content-background-meta":{"desktop":{"background-color":"var(--ast-global-color-5)","background-image":"","background-repeat":"repeat","background-position":"center center","background-size":"auto","background-attachment":"scroll","background-type":"","background-media":"","overlay-type":"","overlay-color":"","overlay-opacity":"","overlay-gradient":""},"tablet":{"background-color":"var(--ast-global-color-5)","background-image":"","background-repeat":"repeat","background-position":"center center","background-size":"auto","background-attachment":"scroll","background-type":"","background-media":"","overlay-type":"","overlay-color":"","overlay-opacity":"","overlay-gradient":""},"mobile":{"background-color":"var(--ast-global-color-5)","background-image":"","background-repeat":"repeat","background-position":"center center","background-size":"auto","background-attachment":"scroll","background-type":"","background-media":"","overlay-type":"","overlay-color":"","overlay-opacity":"","overlay-gradient":""}},"footnotes":""},"categories":[15,7,5,60],"tags":[],"class_list":["post-1658","post","type-post","status-publish","format-standard","has-post-thumbnail","hentry","category-aktuelles","category-energie","category-mobilitaet","category-wind"],"_links":{"self":[{"href":"https:\/\/www.klimainitiative-windeck.de\/index.php\/wp-json\/wp\/v2\/posts\/1658","targetHints":{"allow":["GET"]}}],"collection":[{"href":"https:\/\/www.klimainitiative-windeck.de\/index.php\/wp-json\/wp\/v2\/posts"}],"about":[{"href":"https:\/\/www.klimainitiative-windeck.de\/index.php\/wp-json\/wp\/v2\/types\/post"}],"author":[{"embeddable":true,"href":"https:\/\/www.klimainitiative-windeck.de\/index.php\/wp-json\/wp\/v2\/users\/1"}],"replies":[{"embeddable":true,"href":"https:\/\/www.klimainitiative-windeck.de\/index.php\/wp-json\/wp\/v2\/comments?post=1658"}],"version-history":[{"count":0,"href":"https:\/\/www.klimainitiative-windeck.de\/index.php\/wp-json\/wp\/v2\/posts\/1658\/revisions"}],"wp:featuredmedia":[{"embeddable":true,"href":"https:\/\/www.klimainitiative-windeck.de\/index.php\/wp-json\/wp\/v2\/media\/1659"}],"wp:attachment":[{"href":"https:\/\/www.klimainitiative-windeck.de\/index.php\/wp-json\/wp\/v2\/media?parent=1658"}],"wp:term":[{"taxonomy":"category","embeddable":true,"href":"https:\/\/www.klimainitiative-windeck.de\/index.php\/wp-json\/wp\/v2\/categories?post=1658"},{"taxonomy":"post_tag","embeddable":true,"href":"https:\/\/www.klimainitiative-windeck.de\/index.php\/wp-json\/wp\/v2\/tags?post=1658"}],"curies":[{"name":"wp","href":"https:\/\/api.w.org\/{rel}","templated":true}]}}