{"id":547,"date":"2022-07-07T12:26:05","date_gmt":"2022-07-07T10:26:05","guid":{"rendered":"https:\/\/www.klimainitiative-windeck.de\/?p=547"},"modified":"2023-04-20T14:37:15","modified_gmt":"2023-04-20T12:37:15","slug":"rueckblick-auf-fahrrad-demos-im-juni-juli-2022","status":"publish","type":"post","link":"https:\/\/www.klimainitiative-windeck.de\/index.php\/2022\/07\/07\/rueckblick-auf-fahrrad-demos-im-juni-juli-2022\/","title":{"rendered":"R\u00fcckblick auf Fahrrad-Demos im Juni\/Juli 2022"},"content":{"rendered":"\n<h2 class=\"wp-block-heading\">11.Juni Windeck: \u201eRadwege bauen statt sperren!\u201c<\/h2>\n\n\n\n<figure class=\"wp-block-image size-full\"><img loading=\"lazy\" decoding=\"async\" width=\"893\" height=\"657\" src=\"https:\/\/www.klimainitiative-windeck.de\/wp-content\/uploads\/2022\/07\/Dreiseler_-Mahnmal.jpg\" alt=\"Der Siegtalradweg in der N\u00e4he von Dreisel, welcher mit einer k\u00fcnstlichen Barriere aus Sand, Ger\u00f6ll und Wurzelwerk versperrt wurde. Auf der rechten Seite wurde die Barriere allerdings durchbrochen und ist wieder passierbar, links daneben ein selbstgebasteltes Schild mit der Aufschrift &quot;Radwege bauen statt sperren&quot;.\" class=\"wp-image-548\" srcset=\"https:\/\/www.klimainitiative-windeck.de\/wp-content\/uploads\/2022\/07\/Dreiseler_-Mahnmal.jpg 893w, https:\/\/www.klimainitiative-windeck.de\/wp-content\/uploads\/2022\/07\/Dreiseler_-Mahnmal-300x221.jpg 300w, https:\/\/www.klimainitiative-windeck.de\/wp-content\/uploads\/2022\/07\/Dreiseler_-Mahnmal-768x565.jpg 768w\" sizes=\"auto, (max-width: 893px) 100vw, 893px\" \/><figcaption><em>&#8222;Das Dreiseler Mahnmal&#8220; am Siegtalradweg in der N\u00e4he von Dreisel mit der durchbrochenen Barriere.<\/em><\/figcaption><\/figure>\n\n\n\n<p>\u201eRadwege bauen statt sperren!\u201c sollte diesmal das Motto der Organisatoren von ADFC und KlimaInitiative Windeck sein. Denn: Seit Jahren passiert in Windeck genau das Gegenteil. Nicht nur, dass es bei uns eigentlich \u00fcberhaupt keine separaten Radwege gibt \u2013 der als solcher beliebte und f\u00e4lschlicherweise so bezeichnete \u201eSieg-Radweg\u201c ist zudem nach Hangrutschen zwischen Dattenfeld und Dreisel, die bisher nie beseitigt wurden, seit Jahren offiziell gesperrt. Inoffizielles Motto f\u00fcr Windeck, polemisch zugespitzt: Wir bauen keine Radweg und die, wo Radfahrende sich trotzdem noch bewegen, sperren wir!<\/p>\n\n\n\n<p>Diese Zust\u00e4nde trieben am 11. Juni ca. 40 Radfahrende zum Versammlungsort nach Dattenfeld, von wo aus wir gemeinsam in einem langen und lauten Zug mit Polizeibegleitung nach Schladern radelten. Dort besichtigten wir die neuen RSVG-E-Bikes zum Ausleihen an der ersten Windecker Ausleihstation \u2013 immerhin ein Hoffnungszeichen f\u00fcr den Radverkehr. Nach der R\u00fcckkehr errichteten wir auf dem eindrucksvollen Steinhaufen, der den Siegweg bei Dreisel (vergeblich) sperren sollte, ein Radverkehrs-\u201eMahnmal\u201c mit dem Demo-Motto, das immerhin ca. 2 Wochen dort stehen blieb und von vielen Menschen gesehen wurde, bis es endlich ein Opfer der \u201eOrdnungsliebe\u201c der Kontrolleure von der K\u00f6lner Bezirksregierung wurde.<\/p>\n\n\n\n<p>Zudem sammelten die Aktiven zahlreiche Unterschriften f\u00fcr ihre \u201e<a href=\"https:\/\/www.klimainitiative-windeck.de\/index.php\/themen\/mobilitaet\/unsere-forderungen-nahmobilitaet\/\" data-type=\"page\" data-id=\"518\">16 Forderungen f\u00fcr eine klimafreundliche und nachhaltige Nahmobilit\u00e4t in Windeck<\/a>\u201c.<\/p>\n\n\n\n<h2 class=\"wp-block-heading\">2. Juli Eitorf \u201eEitorf verschl\u00e4ft die Verkehrswende\u201c<\/h2>\n\n\n\n<p>In Eitorf fand sich diesmal nur ein kleines H\u00e4uflein Unerschrockener ein, die die Gemeinde zum \u201eAufwachen\u201c f\u00fcr besseren und mehr Rad- und Fu\u00dfverkehr bringen wollten. Leider hatten die Corona- und Urlaubswellen hier etliche Mitstreiter*innen von der Teilnahme abgehalten.<\/p>\n\n\n\n<p>Die Gemeinde hat zwar seit 2021 in aufw\u00e4ndiger Arbeit und unter gro\u00dfer Beteiligung ehrenamtlicher Kr\u00e4fte von ADFC und \u201eKlimatreff Eitorf\u201c ein Radverkehrskonzept erstellt, dieses scheint bisher allerdings noch in irgendeiner der sprichw\u00f6rtlichen Amtsschubladen zu schlummern.<\/p>\n\n\n\n<p>Einbahnstra\u00dfen f\u00fcr Radler in beide Richtungen befahrbar? Fehlanzeige! Radweg oder Konfliktl\u00f6sungen mit parkenden Fahrzeugen an der Asbacher Stra\u00dfe? Fehlanzeige! Marktplatz noch immer als gro\u00dfer Parkplatz? Klar! Radweg entlang L333 von Westen in den Ort? Ja, aber ganz anders geplant, als im RVK vorgesehen &#8211; n\u00e4mlich auf dem Fu\u00dfweg!<\/p>\n\n\n\n<p>Soviel Schlafm\u00fctzigkeit, fanden die Organisator*innen vom \u201eKlimatreff\u201c, verdiente dann auch eine Fahrrad-Demo in Schlafanz\u00fcgen\u2026<\/p>\n\n\n\n<p>Die Aktiven aus der ADFC-Ortsgruppe lassen sich durch all diese Misslichkeiten allerdings nicht entmutigen \u2013 sie machen einfach immer weiter und waren auch beim diesj\u00e4hrigen Comeback des \u201eAutofreien Siegtals\u201c am 3. Juli wieder mit je einem Info- und Reparatur-Stand in Windeck-Dattenfeld (gemeinsam mit der Selbsthilfewerkstatt Leuscheid) und Eitorf-Harmonie (mit der Werkstatt der Eitorfer Tafel) vertreten.<\/p>\n\n\n\n<p class=\"has-text-align-right\"><em>Text: Dieter Zerbin<\/em><\/p>\n","protected":false},"excerpt":{"rendered":"<p>11.Juni Windeck: \u201eRadwege bauen statt sperren!\u201c \u201eRadwege bauen statt sperren!\u201c sollte diesmal das Motto der Organisatoren von ADFC und KlimaInitiative Windeck sein. Denn: Seit Jahren passiert in Windeck genau das Gegenteil. Nicht nur, dass es bei uns eigentlich \u00fcberhaupt keine separaten Radwege gibt \u2013 der als solcher beliebte und f\u00e4lschlicherweise so bezeichnete \u201eSieg-Radweg\u201c ist zudem [&hellip;]<\/p>\n","protected":false},"author":1,"featured_media":548,"comment_status":"closed","ping_status":"open","sticky":false,"template":"","format":"standard","meta":{"site-sidebar-layout":"default","site-content-layout":"","ast-site-content-layout":"default","site-content-style":"default","site-sidebar-style":"default","ast-global-header-display":"","ast-banner-title-visibility":"","ast-main-header-display":"","ast-hfb-above-header-display":"","ast-hfb-below-header-display":"","ast-hfb-mobile-header-display":"","site-post-title":"","ast-breadcrumbs-content":"","ast-featured-img":"disabled","footer-sml-layout":"","ast-disable-related-posts":"","theme-transparent-header-meta":"","adv-header-id-meta":"","stick-header-meta":"","header-above-stick-meta":"","header-main-stick-meta":"","header-below-stick-meta":"","astra-migrate-meta-layouts":"default","ast-page-background-enabled":"default","ast-page-background-meta":{"desktop":{"background-color":"var(--ast-global-color-4)","background-image":"","background-repeat":"repeat","background-position":"center center","background-size":"auto","background-attachment":"scroll","background-type":"","background-media":"","overlay-type":"","overlay-color":"","overlay-opacity":"","overlay-gradient":""},"tablet":{"background-color":"","background-image":"","background-repeat":"repeat","background-position":"center center","background-size":"auto","background-attachment":"scroll","background-type":"","background-media":"","overlay-type":"","overlay-color":"","overlay-opacity":"","overlay-gradient":""},"mobile":{"background-color":"","background-image":"","background-repeat":"repeat","background-position":"center center","background-size":"auto","background-attachment":"scroll","background-type":"","background-media":"","overlay-type":"","overlay-color":"","overlay-opacity":"","overlay-gradient":""}},"ast-content-background-meta":{"desktop":{"background-color":"var(--ast-global-color-5)","background-image":"","background-repeat":"repeat","background-position":"center center","background-size":"auto","background-attachment":"scroll","background-type":"","background-media":"","overlay-type":"","overlay-color":"","overlay-opacity":"","overlay-gradient":""},"tablet":{"background-color":"var(--ast-global-color-5)","background-image":"","background-repeat":"repeat","background-position":"center center","background-size":"auto","background-attachment":"scroll","background-type":"","background-media":"","overlay-type":"","overlay-color":"","overlay-opacity":"","overlay-gradient":""},"mobile":{"background-color":"var(--ast-global-color-5)","background-image":"","background-repeat":"repeat","background-position":"center center","background-size":"auto","background-attachment":"scroll","background-type":"","background-media":"","overlay-type":"","overlay-color":"","overlay-opacity":"","overlay-gradient":""}},"footnotes":""},"categories":[5],"tags":[],"class_list":["post-547","post","type-post","status-publish","format-standard","has-post-thumbnail","hentry","category-mobilitaet"],"_links":{"self":[{"href":"https:\/\/www.klimainitiative-windeck.de\/index.php\/wp-json\/wp\/v2\/posts\/547","targetHints":{"allow":["GET"]}}],"collection":[{"href":"https:\/\/www.klimainitiative-windeck.de\/index.php\/wp-json\/wp\/v2\/posts"}],"about":[{"href":"https:\/\/www.klimainitiative-windeck.de\/index.php\/wp-json\/wp\/v2\/types\/post"}],"author":[{"embeddable":true,"href":"https:\/\/www.klimainitiative-windeck.de\/index.php\/wp-json\/wp\/v2\/users\/1"}],"replies":[{"embeddable":true,"href":"https:\/\/www.klimainitiative-windeck.de\/index.php\/wp-json\/wp\/v2\/comments?post=547"}],"version-history":[{"count":0,"href":"https:\/\/www.klimainitiative-windeck.de\/index.php\/wp-json\/wp\/v2\/posts\/547\/revisions"}],"wp:featuredmedia":[{"embeddable":true,"href":"https:\/\/www.klimainitiative-windeck.de\/index.php\/wp-json\/wp\/v2\/media\/548"}],"wp:attachment":[{"href":"https:\/\/www.klimainitiative-windeck.de\/index.php\/wp-json\/wp\/v2\/media?parent=547"}],"wp:term":[{"taxonomy":"category","embeddable":true,"href":"https:\/\/www.klimainitiative-windeck.de\/index.php\/wp-json\/wp\/v2\/categories?post=547"},{"taxonomy":"post_tag","embeddable":true,"href":"https:\/\/www.klimainitiative-windeck.de\/index.php\/wp-json\/wp\/v2\/tags?post=547"}],"curies":[{"name":"wp","href":"https:\/\/api.w.org\/{rel}","templated":true}]}}