{"id":723,"date":"2022-09-19T15:55:50","date_gmt":"2022-09-19T13:55:50","guid":{"rendered":"https:\/\/www.klimainitiative-windeck.de\/?p=723"},"modified":"2023-06-26T15:51:12","modified_gmt":"2023-06-26T13:51:12","slug":"fahrrad-demo-die-verkehrswende-nicht-verschlafen","status":"publish","type":"post","link":"https:\/\/www.klimainitiative-windeck.de\/index.php\/2022\/09\/19\/fahrrad-demo-die-verkehrswende-nicht-verschlafen\/","title":{"rendered":"Fahrrad-Demo \u201eDie Verkehrswende nicht verschlafen\u201c"},"content":{"rendered":"\n<p>Am Samstag, den 17. September 2022 demonstrierten die Radfahrenden an der Oberen Sieg mit freundlicher Begleitung durch die Polizei wieder f\u00fcr einen sicheren und komfortablen Radverkehr an der Oberen Sieg, zun\u00e4chst in Eitorf und anschlie\u00dfend nach Windeck zum Bahnhof Schladern. <\/p>\n\n\n\n<p>Die Aktiven vom <a href=\"http:\/\/www.klimatreff.info\" target=\"_blank\" rel=\"noreferrer noopener\">Eitorfer Klimatreff<\/a>, der KlimaInitiative Windeck und der <a href=\"https:\/\/obere-sieg.adfc.de\/\" target=\"_blank\" rel=\"noreferrer noopener\">ADFC-Ortsgruppe<\/a> beklagen weiterhin eine ausgesprochene Schlafm\u00fctzigkeit bei der Umsetzung jeglicher Ma\u00dfnahmen zur F\u00f6rderung des Radverkehrs. W\u00e4hrend in den Sonntagsreden der Politiker*innen stets die Bedeutung von \u00d6PNV, Fu\u00df- und Radverkehr f\u00fcr eine menschen- und klimafreundliche Mobilit\u00e4t betont wird, erleben wir im Alltag Blockaden, Zust\u00e4ndigkeitswirrwarr und Fortschritte allenfalls im Schneckentempo &#8211; Schlafm\u00fctzigkeit pur!<\/p>\n\n\n\n<p>Deshalb hatten wir uns diesmal symbolisch mit Schlafm\u00fctzen und Morgenm\u00e4nteln ausger\u00fcstet und die Verantwortlichen bei der Fahrt durch Eitorf und sp\u00e4ter auf der L333 nach Schladern zum \u201eAufwachen\u201c aufgefordert. An diesem eher kalten und regnerischen Herbsttag zeigten die \u00fcber 30 Teilnehmenden, dass es tats\u00e4chlich Zeit wird aufzuwachen!<\/p>\n\n\n\n<p>Dieser Auffassung schloss sich dann zeitweise sogar die Sonne an\u2026<\/p>\n\n\n\n<p>Nicht vergessen: Beim Fahrradklima-Test 2022 k\u00f6nnen wir das Radeln in unserer Kommune wieder bewerten. Noch bis zum 30.11. l\u00e4uft die Abstimmung, Eitorf und Windeck brauchen jeweils 50 Teilnehmende, um in die Wertung zu kommen. Sehen wir Fortschritte f\u00fcr sicheres Radeln oder ist es zu gef\u00e4hrlich ohne Radwege? Gibt es ausreichende und sichere Abstellm\u00f6glichkeiten auch f\u00fcr hochwertige R\u00e4der an den Gesch\u00e4ften und Bahnh\u00f6fen? Diese und weitere Fragen behandelt die Umfrage \u2013 am besten online auf <a rel=\"noreferrer noopener\" href=\"https:\/\/fahrradklima-test.adfc.de\" target=\"_blank\">fahrradklima-test.adfc.de<\/a>.<br>Mitte September waren Eitorf und Windeck noch weit entfernt vom 50er-Ziel \u2013 auch deshalb: Unbedingt mitmachen!<\/p>\n\n\n\n<p class=\"has-text-align-right\"><em>Text: Dieter Zerbin<\/em><\/p>\n","protected":false},"excerpt":{"rendered":"<p>Am Samstag, den 17. September 2022 demonstrierten die Radfahrenden an der Oberen Sieg mit freundlicher Begleitung durch die Polizei wieder f\u00fcr einen sicheren und komfortablen Radverkehr an der Oberen Sieg, zun\u00e4chst in Eitorf und anschlie\u00dfend nach Windeck zum Bahnhof Schladern. Die Aktiven vom Eitorfer Klimatreff, der KlimaInitiative Windeck und der ADFC-Ortsgruppe beklagen weiterhin eine ausgesprochene [&hellip;]<\/p>\n","protected":false},"author":1,"featured_media":725,"comment_status":"closed","ping_status":"open","sticky":false,"template":"","format":"standard","meta":{"site-sidebar-layout":"default","site-content-layout":"boxed-container","ast-site-content-layout":"default","site-content-style":"default","site-sidebar-style":"default","ast-global-header-display":"","ast-banner-title-visibility":"","ast-main-header-display":"","ast-hfb-above-header-display":"","ast-hfb-below-header-display":"","ast-hfb-mobile-header-display":"","site-post-title":"","ast-breadcrumbs-content":"","ast-featured-img":"","footer-sml-layout":"","ast-disable-related-posts":"","theme-transparent-header-meta":"","adv-header-id-meta":"","stick-header-meta":"","header-above-stick-meta":"","header-main-stick-meta":"","header-below-stick-meta":"","astra-migrate-meta-layouts":"default","ast-page-background-enabled":"default","ast-page-background-meta":{"desktop":{"background-color":"var(--ast-global-color-4)","background-image":"","background-repeat":"repeat","background-position":"center center","background-size":"auto","background-attachment":"scroll","background-type":"","background-media":"","overlay-type":"","overlay-color":"","overlay-opacity":"","overlay-gradient":""},"tablet":{"background-color":"","background-image":"","background-repeat":"repeat","background-position":"center center","background-size":"auto","background-attachment":"scroll","background-type":"","background-media":"","overlay-type":"","overlay-color":"","overlay-opacity":"","overlay-gradient":""},"mobile":{"background-color":"","background-image":"","background-repeat":"repeat","background-position":"center center","background-size":"auto","background-attachment":"scroll","background-type":"","background-media":"","overlay-type":"","overlay-color":"","overlay-opacity":"","overlay-gradient":""}},"ast-content-background-meta":{"desktop":{"background-color":"var(--ast-global-color-5)","background-image":"","background-repeat":"repeat","background-position":"center center","background-size":"auto","background-attachment":"scroll","background-type":"","background-media":"","overlay-type":"","overlay-color":"","overlay-opacity":"","overlay-gradient":""},"tablet":{"background-color":"var(--ast-global-color-5)","background-image":"","background-repeat":"repeat","background-position":"center center","background-size":"auto","background-attachment":"scroll","background-type":"","background-media":"","overlay-type":"","overlay-color":"","overlay-opacity":"","overlay-gradient":""},"mobile":{"background-color":"var(--ast-global-color-5)","background-image":"","background-repeat":"repeat","background-position":"center center","background-size":"auto","background-attachment":"scroll","background-type":"","background-media":"","overlay-type":"","overlay-color":"","overlay-opacity":"","overlay-gradient":""}},"footnotes":""},"categories":[5,61],"tags":[],"class_list":["post-723","post","type-post","status-publish","format-standard","has-post-thumbnail","hentry","category-mobilitaet","category-mobilitaetswoche"],"_links":{"self":[{"href":"https:\/\/www.klimainitiative-windeck.de\/index.php\/wp-json\/wp\/v2\/posts\/723","targetHints":{"allow":["GET"]}}],"collection":[{"href":"https:\/\/www.klimainitiative-windeck.de\/index.php\/wp-json\/wp\/v2\/posts"}],"about":[{"href":"https:\/\/www.klimainitiative-windeck.de\/index.php\/wp-json\/wp\/v2\/types\/post"}],"author":[{"embeddable":true,"href":"https:\/\/www.klimainitiative-windeck.de\/index.php\/wp-json\/wp\/v2\/users\/1"}],"replies":[{"embeddable":true,"href":"https:\/\/www.klimainitiative-windeck.de\/index.php\/wp-json\/wp\/v2\/comments?post=723"}],"version-history":[{"count":0,"href":"https:\/\/www.klimainitiative-windeck.de\/index.php\/wp-json\/wp\/v2\/posts\/723\/revisions"}],"wp:featuredmedia":[{"embeddable":true,"href":"https:\/\/www.klimainitiative-windeck.de\/index.php\/wp-json\/wp\/v2\/media\/725"}],"wp:attachment":[{"href":"https:\/\/www.klimainitiative-windeck.de\/index.php\/wp-json\/wp\/v2\/media?parent=723"}],"wp:term":[{"taxonomy":"category","embeddable":true,"href":"https:\/\/www.klimainitiative-windeck.de\/index.php\/wp-json\/wp\/v2\/categories?post=723"},{"taxonomy":"post_tag","embeddable":true,"href":"https:\/\/www.klimainitiative-windeck.de\/index.php\/wp-json\/wp\/v2\/tags?post=723"}],"curies":[{"name":"wp","href":"https:\/\/api.w.org\/{rel}","templated":true}]}}