{"id":758,"date":"2022-09-24T12:21:39","date_gmt":"2022-09-24T10:21:39","guid":{"rendered":"https:\/\/www.klimainitiative-windeck.de\/?p=758"},"modified":"2023-06-26T15:50:56","modified_gmt":"2023-06-26T13:50:56","slug":"ein-abend-fuer-die-verkehrswende","status":"publish","type":"post","link":"https:\/\/www.klimainitiative-windeck.de\/index.php\/2022\/09\/24\/ein-abend-fuer-die-verkehrswende\/","title":{"rendered":"Ein Abend f\u00fcr die Verkehrswende"},"content":{"rendered":"\n<p>Zur Er\u00f6ffnung der EU-Mobilit\u00e4tswoche 2022 veranstaltete die Klimainitiative Windeck am Freitag, dem 16. September, einen Vortags- und Diskussionsabend, moderiert von Ewald Baum, \u00fcber die M\u00f6glichkeiten einer nachhaltigen Verkehrswende in der Region Windeck.<\/p>\n\n\n\n<p>Im gut besetzten Saal im Haus des Gastes in Herchen f\u00fchrte zun\u00e4chst Rainer Bohnet, Kreisvorsitzender des Verkehrsclubs Deutschland (VCD), aus, dass Windeck im Vergleich zu anderen Kommunen in der Region mit drei Haltepunkten des RE 9 sehr gut ausgestattet ist. Allerdings ist es nach seiner Erinnerung erstmals zu teilweise tagelangen Komplettausf\u00e4llen des Zugverkehrs auf einigen Strecken gekommen, weil eine hohe Zahl der Mitarbeiter*innen wegen Krankheit ausgefallen seien. Dies deute auf eine schlechte Arbeitssituation der Mitarbeiter*innen hin, die stark \u00fcberlastet seien. Die Bahn sei jahrzehntelang auf Verschlei\u00df gefahren, sowohl beim Material als auch bei den Menschen. Sie hat die Verpflichtung, im Sinne des Gemeinwohls ein zuverl\u00e4ssiges Angebot zu gew\u00e4hrleisten, auch im Sinne des Klimaschutzes. Die Kund*innen sind es leid, hohe Fahrpreise f\u00fcr ungen\u00fcgende Leistungen zu bezahlen. Er pl\u00e4diert f\u00fcr eine \u00f6ffentliche Finanzierung des \u00d6PNV, wie es z.B. in Spanien m\u00f6glich ist. Als m\u00f6gliche Gegenfinanzierung nannte er die \u00dcbergewinnsteuer, die Abschaffung des Dienstwagenprivilegs sowie der Dieselsubventionierung. Es muss zeitnah und dringend in die Infrastruktur der Bahn investiert werden. <\/p>\n\n\n\n<figure class=\"wp-block-image size-large\"><img loading=\"lazy\" decoding=\"async\" width=\"1024\" height=\"473\" src=\"https:\/\/www.klimainitiative-windeck.de\/wp-content\/uploads\/2022\/09\/verkehrsabend-1024x473.jpg\" alt=\"Das Podium mit Herrn Klein (links), Herrn Baum und Herrn Bohnet (rechts)\" class=\"wp-image-761\" srcset=\"https:\/\/www.klimainitiative-windeck.de\/wp-content\/uploads\/2022\/09\/verkehrsabend-1024x473.jpg 1024w, https:\/\/www.klimainitiative-windeck.de\/wp-content\/uploads\/2022\/09\/verkehrsabend-300x139.jpg 300w, https:\/\/www.klimainitiative-windeck.de\/wp-content\/uploads\/2022\/09\/verkehrsabend-768x355.jpg 768w, https:\/\/www.klimainitiative-windeck.de\/wp-content\/uploads\/2022\/09\/verkehrsabend.jpg 1200w\" sizes=\"auto, (max-width: 1024px) 100vw, 1024px\" \/><figcaption><em>Im Podium: Holger Klein, Ewald Baum und Rainer Bohnet (v. l. n. r.)<\/em><\/figcaption><\/figure>\n\n\n\n<p>Auch Holger Klein, der Pressesprecher des Verkehrsverbundes Rhein-Sieg (VRS) betonte, dass niemand daran interessiert sei, dass die Fahrg\u00e4ste immer weiter belastet w\u00fcrden. Eine \u00c4nderung der Finanzierungsgrundlagen sei allerdings eine politische Entscheidung. Der VRS hat f\u00fcr 2023 zwei Preiserh\u00f6hungen angek\u00fcndigt, obwohl er sich eine baldige bezahlbare Fortsetzung des erfolgreichen 9-Euro-Tickets erhofft. Der VRS als Verbund aller kommunalen Verkehrsbetriebe in der Region k\u00f6nne keine eigenen Entscheidungen f\u00fcr neue Angebote treffen, sondern setze die Entscheidungen der Kreise und Kommunen um. Er appellierte an die Teilnehmer*innen, mit ihren Abgeordneten in Bund, Land und Kreis sowie den B\u00fcrgermeister*innen direkt in Kontakt zu treten und dort auf Ver\u00e4nderungen und Verbesserungen zu dr\u00e4ngen. Weiter wurde u.a. thematisiert, dass ein zweigleisiger Ausbau der Siegstrecke wegen des zu erwartenden starken G\u00fcterverkehrs wirksame L\u00e4rmschutzma\u00dfnahmen erfordert.<\/p>\n","protected":false},"excerpt":{"rendered":"<p>Zur Er\u00f6ffnung der EU-Mobilit\u00e4tswoche 2022 veranstaltete die Klimainitiative Windeck am Freitag, dem 16. September, einen Vortags- und Diskussionsabend, moderiert von Ewald Baum, \u00fcber die M\u00f6glichkeiten einer nachhaltigen Verkehrswende in der Region Windeck. Im gut besetzten Saal im Haus des Gastes in Herchen f\u00fchrte zun\u00e4chst Rainer Bohnet, Kreisvorsitzender des Verkehrsclubs Deutschland (VCD), aus, dass Windeck im [&hellip;]<\/p>\n","protected":false},"author":1,"featured_media":761,"comment_status":"closed","ping_status":"open","sticky":false,"template":"","format":"standard","meta":{"site-sidebar-layout":"default","site-content-layout":"default","ast-site-content-layout":"default","site-content-style":"default","site-sidebar-style":"default","ast-global-header-display":"","ast-banner-title-visibility":"","ast-main-header-display":"","ast-hfb-above-header-display":"","ast-hfb-below-header-display":"","ast-hfb-mobile-header-display":"","site-post-title":"","ast-breadcrumbs-content":"","ast-featured-img":"disabled","footer-sml-layout":"","ast-disable-related-posts":"","theme-transparent-header-meta":"","adv-header-id-meta":"","stick-header-meta":"","header-above-stick-meta":"","header-main-stick-meta":"","header-below-stick-meta":"","astra-migrate-meta-layouts":"default","ast-page-background-enabled":"default","ast-page-background-meta":{"desktop":{"background-color":"var(--ast-global-color-4)","background-image":"","background-repeat":"repeat","background-position":"center center","background-size":"auto","background-attachment":"scroll","background-type":"","background-media":"","overlay-type":"","overlay-color":"","overlay-opacity":"","overlay-gradient":""},"tablet":{"background-color":"","background-image":"","background-repeat":"repeat","background-position":"center center","background-size":"auto","background-attachment":"scroll","background-type":"","background-media":"","overlay-type":"","overlay-color":"","overlay-opacity":"","overlay-gradient":""},"mobile":{"background-color":"","background-image":"","background-repeat":"repeat","background-position":"center center","background-size":"auto","background-attachment":"scroll","background-type":"","background-media":"","overlay-type":"","overlay-color":"","overlay-opacity":"","overlay-gradient":""}},"ast-content-background-meta":{"desktop":{"background-color":"var(--ast-global-color-5)","background-image":"","background-repeat":"repeat","background-position":"center center","background-size":"auto","background-attachment":"scroll","background-type":"","background-media":"","overlay-type":"","overlay-color":"","overlay-opacity":"","overlay-gradient":""},"tablet":{"background-color":"var(--ast-global-color-5)","background-image":"","background-repeat":"repeat","background-position":"center center","background-size":"auto","background-attachment":"scroll","background-type":"","background-media":"","overlay-type":"","overlay-color":"","overlay-opacity":"","overlay-gradient":""},"mobile":{"background-color":"var(--ast-global-color-5)","background-image":"","background-repeat":"repeat","background-position":"center center","background-size":"auto","background-attachment":"scroll","background-type":"","background-media":"","overlay-type":"","overlay-color":"","overlay-opacity":"","overlay-gradient":""}},"footnotes":""},"categories":[5,61],"tags":[],"class_list":["post-758","post","type-post","status-publish","format-standard","has-post-thumbnail","hentry","category-mobilitaet","category-mobilitaetswoche"],"_links":{"self":[{"href":"https:\/\/www.klimainitiative-windeck.de\/index.php\/wp-json\/wp\/v2\/posts\/758","targetHints":{"allow":["GET"]}}],"collection":[{"href":"https:\/\/www.klimainitiative-windeck.de\/index.php\/wp-json\/wp\/v2\/posts"}],"about":[{"href":"https:\/\/www.klimainitiative-windeck.de\/index.php\/wp-json\/wp\/v2\/types\/post"}],"author":[{"embeddable":true,"href":"https:\/\/www.klimainitiative-windeck.de\/index.php\/wp-json\/wp\/v2\/users\/1"}],"replies":[{"embeddable":true,"href":"https:\/\/www.klimainitiative-windeck.de\/index.php\/wp-json\/wp\/v2\/comments?post=758"}],"version-history":[{"count":0,"href":"https:\/\/www.klimainitiative-windeck.de\/index.php\/wp-json\/wp\/v2\/posts\/758\/revisions"}],"wp:featuredmedia":[{"embeddable":true,"href":"https:\/\/www.klimainitiative-windeck.de\/index.php\/wp-json\/wp\/v2\/media\/761"}],"wp:attachment":[{"href":"https:\/\/www.klimainitiative-windeck.de\/index.php\/wp-json\/wp\/v2\/media?parent=758"}],"wp:term":[{"taxonomy":"category","embeddable":true,"href":"https:\/\/www.klimainitiative-windeck.de\/index.php\/wp-json\/wp\/v2\/categories?post=758"},{"taxonomy":"post_tag","embeddable":true,"href":"https:\/\/www.klimainitiative-windeck.de\/index.php\/wp-json\/wp\/v2\/tags?post=758"}],"curies":[{"name":"wp","href":"https:\/\/api.w.org\/{rel}","templated":true}]}}