{"id":809,"date":"2022-10-05T15:06:30","date_gmt":"2022-10-05T13:06:30","guid":{"rendered":"https:\/\/www.klimainitiative-windeck.de\/?p=809"},"modified":"2023-04-20T14:36:25","modified_gmt":"2023-04-20T12:36:25","slug":"rueckblick-stadtradeln-2022-in-windeck","status":"publish","type":"post","link":"https:\/\/www.klimainitiative-windeck.de\/index.php\/2022\/10\/05\/rueckblick-stadtradeln-2022-in-windeck\/","title":{"rendered":"R\u00fcckblick Stadtradeln 2022 in Windeck"},"content":{"rendered":"\n<p>Wenn man die Zahlen der Teilnehmenden am Stadtradeln 2022 in Windeck vom 4. bis zum 24. September verfolgt hat, konnte man sich nur verwundert die Augen reiben: So viele Menschen&nbsp;fahren so viele Kilometer mit dem Rad \u2013 und das in Windeck? Die Statistik best\u00e4tigt den Eindruck sofort. Wurden in 2021 schon durchaus beeindruckende 12000km in den 3 Wochen dokumentiert, so waren es in diesem Jahr bereits 19820km \u2013 ein Zuwachs von \u00fcber 50%!<\/p>\n\n\n\n<p>Mitgemacht haben diesmal 112 Aktive in 9 Teams, die nicht nur (theoretisch) 3 Tonnen CO2-Emissionen eingespart, sondern auch viel f\u00fcr ihre Gesundheit getan haben. Selbstverst\u00e4ndlich war auch die KlimaInitiative Windeck mit einem Team dabei: 7 Radelnde legten in 3 Wochen insgesamt 1136km zur\u00fcck und ersparten der Umwelt so (theoretisch) ca. 175kg CO2.<\/p>\n\n\n\n<p>So erfreulich diese tollen Zahlen auch aussehen, wissen wir doch, dass sie erst richtig wirksam werden, wenn eine Fahrt mit dem Rad, mit Bus oder Bahn oder ein Fu\u00dfweg tats\u00e4chlich eine Fahrt mit dem Auto ersetzt. Das ist aktiver Klimaschutz und wir wollen hoffen, dass die 3 Wochen Stadtradeln ganz viel Lust auf mehr Rad- und weniger Autonutzung gemacht haben.<\/p>\n\n\n\n<p>Au\u00dferdem bitte nicht vergessen: Bis zum 30.11. l\u00e4uft noch der <a href=\"http:\/\/fahrradklima-test.de\" data-type=\"URL\" data-id=\"fahrradklima-test.de\" target=\"_blank\" rel=\"noreferrer noopener\">Fahrradklima-Test<\/a>, bei dem Radfahrende ihre Kommune hinsichtlich der Bedingungen f\u00fcrs Radeln bewerten k\u00f6nnen. Die Testergebnisse werden im Fr\u00fchjahr 2023 ver\u00f6ffentlicht und geben Verwaltung, Politik, dem ADFC und auch der KlimaInitiative wertvolle Informationen f\u00fcr ihre Arbeit.<\/p>\n\n\n\n<p class=\"has-text-align-right\"><em>Text: Dieter Zerbin<\/em><\/p>\n","protected":false},"excerpt":{"rendered":"<p>Wenn man die Zahlen der Teilnehmenden am Stadtradeln 2022 in Windeck vom 4. bis zum 24. September verfolgt hat, konnte man sich nur verwundert die Augen reiben: So viele Menschen&nbsp;fahren so viele Kilometer mit dem Rad \u2013 und das in Windeck? Die Statistik best\u00e4tigt den Eindruck sofort. Wurden in 2021 schon durchaus beeindruckende 12000km in [&hellip;]<\/p>\n","protected":false},"author":1,"featured_media":819,"comment_status":"closed","ping_status":"open","sticky":false,"template":"","format":"standard","meta":{"site-sidebar-layout":"default","site-content-layout":"boxed-container","ast-site-content-layout":"default","site-content-style":"default","site-sidebar-style":"default","ast-global-header-display":"","ast-banner-title-visibility":"","ast-main-header-display":"","ast-hfb-above-header-display":"","ast-hfb-below-header-display":"","ast-hfb-mobile-header-display":"","site-post-title":"","ast-breadcrumbs-content":"","ast-featured-img":"","footer-sml-layout":"","ast-disable-related-posts":"","theme-transparent-header-meta":"","adv-header-id-meta":"","stick-header-meta":"","header-above-stick-meta":"","header-main-stick-meta":"","header-below-stick-meta":"","astra-migrate-meta-layouts":"default","ast-page-background-enabled":"default","ast-page-background-meta":{"desktop":{"background-color":"var(--ast-global-color-4)","background-image":"","background-repeat":"repeat","background-position":"center center","background-size":"auto","background-attachment":"scroll","background-type":"","background-media":"","overlay-type":"","overlay-color":"","overlay-opacity":"","overlay-gradient":""},"tablet":{"background-color":"","background-image":"","background-repeat":"repeat","background-position":"center center","background-size":"auto","background-attachment":"scroll","background-type":"","background-media":"","overlay-type":"","overlay-color":"","overlay-opacity":"","overlay-gradient":""},"mobile":{"background-color":"","background-image":"","background-repeat":"repeat","background-position":"center center","background-size":"auto","background-attachment":"scroll","background-type":"","background-media":"","overlay-type":"","overlay-color":"","overlay-opacity":"","overlay-gradient":""}},"ast-content-background-meta":{"desktop":{"background-color":"var(--ast-global-color-5)","background-image":"","background-repeat":"repeat","background-position":"center center","background-size":"auto","background-attachment":"scroll","background-type":"","background-media":"","overlay-type":"","overlay-color":"","overlay-opacity":"","overlay-gradient":""},"tablet":{"background-color":"var(--ast-global-color-5)","background-image":"","background-repeat":"repeat","background-position":"center center","background-size":"auto","background-attachment":"scroll","background-type":"","background-media":"","overlay-type":"","overlay-color":"","overlay-opacity":"","overlay-gradient":""},"mobile":{"background-color":"var(--ast-global-color-5)","background-image":"","background-repeat":"repeat","background-position":"center center","background-size":"auto","background-attachment":"scroll","background-type":"","background-media":"","overlay-type":"","overlay-color":"","overlay-opacity":"","overlay-gradient":""}},"footnotes":""},"categories":[5],"tags":[],"class_list":["post-809","post","type-post","status-publish","format-standard","has-post-thumbnail","hentry","category-mobilitaet"],"_links":{"self":[{"href":"https:\/\/www.klimainitiative-windeck.de\/index.php\/wp-json\/wp\/v2\/posts\/809","targetHints":{"allow":["GET"]}}],"collection":[{"href":"https:\/\/www.klimainitiative-windeck.de\/index.php\/wp-json\/wp\/v2\/posts"}],"about":[{"href":"https:\/\/www.klimainitiative-windeck.de\/index.php\/wp-json\/wp\/v2\/types\/post"}],"author":[{"embeddable":true,"href":"https:\/\/www.klimainitiative-windeck.de\/index.php\/wp-json\/wp\/v2\/users\/1"}],"replies":[{"embeddable":true,"href":"https:\/\/www.klimainitiative-windeck.de\/index.php\/wp-json\/wp\/v2\/comments?post=809"}],"version-history":[{"count":0,"href":"https:\/\/www.klimainitiative-windeck.de\/index.php\/wp-json\/wp\/v2\/posts\/809\/revisions"}],"wp:featuredmedia":[{"embeddable":true,"href":"https:\/\/www.klimainitiative-windeck.de\/index.php\/wp-json\/wp\/v2\/media\/819"}],"wp:attachment":[{"href":"https:\/\/www.klimainitiative-windeck.de\/index.php\/wp-json\/wp\/v2\/media?parent=809"}],"wp:term":[{"taxonomy":"category","embeddable":true,"href":"https:\/\/www.klimainitiative-windeck.de\/index.php\/wp-json\/wp\/v2\/categories?post=809"},{"taxonomy":"post_tag","embeddable":true,"href":"https:\/\/www.klimainitiative-windeck.de\/index.php\/wp-json\/wp\/v2\/tags?post=809"}],"curies":[{"name":"wp","href":"https:\/\/api.w.org\/{rel}","templated":true}]}}