{"id":827,"date":"2022-10-13T20:36:17","date_gmt":"2022-10-13T18:36:17","guid":{"rendered":"https:\/\/www.klimainitiative-windeck.de\/?p=827"},"modified":"2023-04-20T14:36:15","modified_gmt":"2023-04-20T12:36:15","slug":"klimawandel-und-waldkrise","status":"publish","type":"post","link":"https:\/\/www.klimainitiative-windeck.de\/index.php\/2022\/10\/13\/klimawandel-und-waldkrise\/","title":{"rendered":"Klimawandel und Waldkrise"},"content":{"rendered":"\n<p>Der Bergische Naturschutzverein (RBN) veranstaltete in Kooperation mit der Klimainitiative Windeck und der Kulturinitiative Windeck e. V. \u00a0am Abend des 7. Oktober 2022 im Haus des Gastes in Windeck-Herchen eine Informations- und Diskussionsveranstaltung mit dem Referenten Stephan Sch\u00fctte, Leiter des regionalen Forstamtes. <br>Die zentrale Fragestellung der Veranstaltung lautete: \u201eWelche B\u00e4ume brauchen wir f\u00fcr den Wald von morgen?\u201c Nach einer umfassenden Einf\u00fchrung zu den Folgen des Klimawandels f\u00fcr den Wald, hier insbesondere die maximalen Sch\u00e4den durch den Borkenk\u00e4fer bei den Fichten und die Folgen der D\u00fcrrejahre auch f\u00fcr die Buchen, wurden die forstlichen Ma\u00dfnahmen zu den klimatischen Herausforderungen dargestellt. So werden auf den Kalamit\u00e4tsfl\u00e4chen sogenannte \u201eTrupps\u201c jeweils 20 pro ha, d.h. Baumgruppen unterschiedlicher Baumarten, gepflanzt, um so eine gute Durchmischung zu erreichen. Angesichts der klimabedingten Verletzlichkeit der oftmals \u00f6konomisch motivierten Monokulturen z. B. bei den Fichten ist die favorisierte Strategie f\u00fcr den Auf- und Ausbau eines zukunftsfesten Waldes das Prinzip der Diversit\u00e4t. Zur Pflanzung werden mehr oder weniger angesichts der fortschreitenden Klimaver\u00e4nderung resistente Baumarten, wie z. B. Stil- und Traubeneiche, Hainbuche, Waldkiefer, Elsbeere usw. empfohlen. Innerhalb des Staatsforstes in NRW wurde bereits eine Fl\u00e4che von 4.000 ha in Durchmischung bepflanzt. Auch privaten Waldbesitzern wird diese Art der Bepflanzung empfohlen. Die Forst\u00e4mter bieten hierzu Beratungen an. <br>Eine F\u00f6rderung in Form einer Bezuschussung in H\u00f6he von 50 % der Kosten zur Wiederbewaldung von Kalamit\u00e4tsfl\u00e4chen ist m\u00f6glich, wobei Vorgaben wie die Durchmischung mit unterschiedlichen Baumarten dauerhaft einzuhalten sind. <\/p>\n\n\n\n<p>Umfassende Informationen bietet die Website: <a href=\"about:blank\">Waldinfo.NRW<\/a>. Durch die bereitgestellten Informationen soll der Waldbesitz bei der Anpassung der Waldbewirtschaftung im Klimawandel unterst\u00fctzt werden. Dies beinhaltet auch die Wiederbewaldung der derzeitigen gro\u00dfen Schadfl\u00e4chen. Die Informationen werden in moderner und benutzerfreundlicher Form angeboten, wie etwa die interaktive Beratungsfunktion zur Wiederbewaldung. Abschlie\u00dfend wurde auf die Bedeutung der Bejagung von Wild f\u00fcr die Verj\u00fcngung des Waldes hingewiesen. Wichtig sind hierbei eine gute Kooperation zwischen Waldbauern und J\u00e4gern, deren gemeinsames Handel zu einem Gleichgewicht von Flora und Fauna f\u00fchren sollte.<\/p>\n\n\n\n<h2 class=\"wp-block-heading\">Pr\u00e4sentationsmaterial<\/h2>\n\n\n\n<div data-wp-interactive=\"core\/file\" class=\"wp-block-file\"><object data-wp-bind--hidden=\"!state.hasPdfPreview\" hidden class=\"wp-block-file__embed\" data=\"https:\/\/www.klimainitiative-windeck.de\/wp-content\/uploads\/2022\/10\/Vortrag-Schuette-Wald-im-Klimawandel_bei_RBN_Windeck.pdf\" type=\"application\/pdf\" style=\"width:100%;height:600px\" aria-label=\"Einbettung von Einbettung von Vortrag Sch\u00fctte Wald im Klimawandel_bei_RBN_Windeck..\"><\/object><a id=\"wp-block-file--media-1a1d0ff9-bb32-4d75-b20e-698abdfec211\" href=\"https:\/\/www.klimainitiative-windeck.de\/wp-content\/uploads\/2022\/10\/Vortrag-Schuette-Wald-im-Klimawandel_bei_RBN_Windeck.pdf\">Vortrag Sch\u00fctte Wald im Klimawandel_bei_RBN_Windeck<\/a><a href=\"https:\/\/www.klimainitiative-windeck.de\/wp-content\/uploads\/2022\/10\/Vortrag-Schuette-Wald-im-Klimawandel_bei_RBN_Windeck.pdf\" class=\"wp-block-file__button\" download aria-describedby=\"wp-block-file--media-1a1d0ff9-bb32-4d75-b20e-698abdfec211\">Herunterladen<\/a><\/div>\n\n\n\n<p class=\"has-text-align-right\"><em>Text: Richard Suhre<\/em><\/p>\n","protected":false},"excerpt":{"rendered":"<p>Der Bergische Naturschutzverein (RBN) veranstaltete in Kooperation mit der Klimainitiative Windeck und der Kulturinitiative Windeck e. V. \u00a0am Abend des 7. Oktober 2022 im Haus des Gastes in Windeck-Herchen eine Informations- und Diskussionsveranstaltung mit dem Referenten Stephan Sch\u00fctte, Leiter des regionalen Forstamtes. Die zentrale Fragestellung der Veranstaltung lautete: \u201eWelche B\u00e4ume brauchen wir f\u00fcr den Wald [&hellip;]<\/p>\n","protected":false},"author":1,"featured_media":0,"comment_status":"closed","ping_status":"open","sticky":false,"template":"","format":"standard","meta":{"site-sidebar-layout":"default","site-content-layout":"","ast-site-content-layout":"default","site-content-style":"default","site-sidebar-style":"default","ast-global-header-display":"","ast-banner-title-visibility":"","ast-main-header-display":"","ast-hfb-above-header-display":"","ast-hfb-below-header-display":"","ast-hfb-mobile-header-display":"","site-post-title":"","ast-breadcrumbs-content":"","ast-featured-img":"","footer-sml-layout":"","ast-disable-related-posts":"","theme-transparent-header-meta":"","adv-header-id-meta":"","stick-header-meta":"","header-above-stick-meta":"","header-main-stick-meta":"","header-below-stick-meta":"","astra-migrate-meta-layouts":"default","ast-page-background-enabled":"default","ast-page-background-meta":{"desktop":{"background-color":"var(--ast-global-color-4)","background-image":"","background-repeat":"repeat","background-position":"center center","background-size":"auto","background-attachment":"scroll","background-type":"","background-media":"","overlay-type":"","overlay-color":"","overlay-opacity":"","overlay-gradient":""},"tablet":{"background-color":"","background-image":"","background-repeat":"repeat","background-position":"center center","background-size":"auto","background-attachment":"scroll","background-type":"","background-media":"","overlay-type":"","overlay-color":"","overlay-opacity":"","overlay-gradient":""},"mobile":{"background-color":"","background-image":"","background-repeat":"repeat","background-position":"center center","background-size":"auto","background-attachment":"scroll","background-type":"","background-media":"","overlay-type":"","overlay-color":"","overlay-opacity":"","overlay-gradient":""}},"ast-content-background-meta":{"desktop":{"background-color":"var(--ast-global-color-5)","background-image":"","background-repeat":"repeat","background-position":"center center","background-size":"auto","background-attachment":"scroll","background-type":"","background-media":"","overlay-type":"","overlay-color":"","overlay-opacity":"","overlay-gradient":""},"tablet":{"background-color":"var(--ast-global-color-5)","background-image":"","background-repeat":"repeat","background-position":"center center","background-size":"auto","background-attachment":"scroll","background-type":"","background-media":"","overlay-type":"","overlay-color":"","overlay-opacity":"","overlay-gradient":""},"mobile":{"background-color":"var(--ast-global-color-5)","background-image":"","background-repeat":"repeat","background-position":"center center","background-size":"auto","background-attachment":"scroll","background-type":"","background-media":"","overlay-type":"","overlay-color":"","overlay-opacity":"","overlay-gradient":""}},"footnotes":""},"categories":[20],"tags":[],"class_list":["post-827","post","type-post","status-publish","format-standard","hentry","category-wald"],"_links":{"self":[{"href":"https:\/\/www.klimainitiative-windeck.de\/index.php\/wp-json\/wp\/v2\/posts\/827","targetHints":{"allow":["GET"]}}],"collection":[{"href":"https:\/\/www.klimainitiative-windeck.de\/index.php\/wp-json\/wp\/v2\/posts"}],"about":[{"href":"https:\/\/www.klimainitiative-windeck.de\/index.php\/wp-json\/wp\/v2\/types\/post"}],"author":[{"embeddable":true,"href":"https:\/\/www.klimainitiative-windeck.de\/index.php\/wp-json\/wp\/v2\/users\/1"}],"replies":[{"embeddable":true,"href":"https:\/\/www.klimainitiative-windeck.de\/index.php\/wp-json\/wp\/v2\/comments?post=827"}],"version-history":[{"count":0,"href":"https:\/\/www.klimainitiative-windeck.de\/index.php\/wp-json\/wp\/v2\/posts\/827\/revisions"}],"wp:attachment":[{"href":"https:\/\/www.klimainitiative-windeck.de\/index.php\/wp-json\/wp\/v2\/media?parent=827"}],"wp:term":[{"taxonomy":"category","embeddable":true,"href":"https:\/\/www.klimainitiative-windeck.de\/index.php\/wp-json\/wp\/v2\/categories?post=827"},{"taxonomy":"post_tag","embeddable":true,"href":"https:\/\/www.klimainitiative-windeck.de\/index.php\/wp-json\/wp\/v2\/tags?post=827"}],"curies":[{"name":"wp","href":"https:\/\/api.w.org\/{rel}","templated":true}]}}