{"id":840,"date":"2022-10-13T21:23:58","date_gmt":"2022-10-13T19:23:58","guid":{"rendered":"https:\/\/www.klimainitiative-windeck.de\/?p=840"},"modified":"2023-04-20T14:36:03","modified_gmt":"2023-04-20T12:36:03","slug":"nachfolge-zum-9-euro-ticket-antwort-vom-landrat","status":"publish","type":"post","link":"https:\/\/www.klimainitiative-windeck.de\/index.php\/2022\/10\/13\/nachfolge-zum-9-euro-ticket-antwort-vom-landrat\/","title":{"rendered":"Nachfolge zum 9-Euro-Ticket: Antwort vom Landrat"},"content":{"rendered":"\n<p>Sehr geehrter Herr Baum,<\/p>\n\n\n\n<p>im Auftrag von Herrn Landrat Schuster bedanke ich mich f\u00fcr Ihre E-Mail vom 22.09.2022 zum Thema \u201e<a href=\"https:\/\/www.klimainitiative-windeck.de\/index.php\/themen\/mobilitaet\/nachfolge-fuer-das-9-euro-ticket\/\" data-type=\"page\" data-id=\"834\">Nachfolgeticket zum 9 Euro-Ticket<\/a>\u201c und darf Ihnen Folgendes mitteilen:<\/p>\n\n\n\n<p>Die Situation des \u00d6PNVs in Windeck ist mir sehr wohl bekannt &nbsp;und besonders die Schienenverbindungen in Richtung Siegburg und K\u00f6ln sind \u2013 wie sie auch einleitend schreiben &#8211; sehr gut. Wo es noch Bedarf gibt ist der \u00d6PNV vor Ort, dem wir uns ganz aktuell zusammen mit der Gemeinde Windeck widmen. Wir planen derzeit in Windeck ein neues Busnetz mit fl\u00e4chendeckender erheblicher Verbesserung der Verkehre (zuk\u00fcnftig i.A. mindestens Stundentakt in allen gr\u00f6\u00dferen Ortslagen). Voraussetzung daf\u00fcr ist die Integration des bislang au\u00dferhalb des \u00d6PNV laufenden Schulbusverkehrs. Die dadurch m\u00f6glichen Synergien sollen in eine Verbesserung des \u00d6PNV \u201ef\u00fcr alle\u201c flie\u00dfen, zzgl. w\u00fcrden wir dar\u00fcber hinausgehend noch weitere Verbesserungen umsetzen. Der Prozess ist aktuell mitten im Gange und eine fertige Planung gibt es noch nicht. Beschlussfassungen sollen bis Jahresende erfolgen. Einen Zwischenbericht haben wir im Haupt- und Finanzausschuss der Gemeinde am 07.06.2022 gegeben.<\/p>\n\n\n\n<p>Zudem thematisieren Sie die bevorstehenden Tariferh\u00f6hungen im Gebiet des VRS, \u00fcber die die Verbandsversammlung des VRS am 30.09.2022 beraten und entscheiden wird.<\/p>\n\n\n\n<p>Wichtig ist zu wissen, dass das Angebot mit Bus und Stadtbahn im Rhein-Sieg-Kreis Jahr f\u00fcr Jahr ausgebaut wurde. Zum jetzigen Zeitpunkt sind die Tariferh\u00f6hungen aus der Sicht des Rhein-Sieg-Kreises erforderlich, da die Finanzierung des Gesamtsystems gesichert werden muss. Fakt ist, dass seit Jahren die \u00d6PNV-Umlage im Rhein-Sieg-Kreis steigt und irgendwann sind die 19 St\u00e4dte und Gemeinden des Rhein-Sieg-Kreises nicht mehr in der Lage diese zu bedienen. Im Jahr 2010 erbrachten die Busse im Rhein-Sieg-Kreis eine Betriebsleistung von rd. 13,1 Mio. Wagenkilometern, auf den Stadtbahnlinien waren es rd. 2,5 Millionen Wagenkilometer und daf\u00fcr zahlte der Rhein-Sieg-Kreis einen Defizitausgleich von rd. 17,4 Mio. Euro. F\u00fcr das Jahr 2022 wird ein Defizit von rd. 49,6&nbsp;Mio. Euro erwartet, was der Rhein-Sieg-Kreis zusammen mit seinen Kommunen stemmen muss. Die Busleistung betr\u00e4gt jetzt rd. 20,4&nbsp;Mio. Wagenkilometer, bei den Stadtbahnen sind es rd. 3,1 Millionen Wagenkilometer.<\/p>\n\n\n\n<p>Auch die Verbandsversammlung des VRS hat sich dem Thema der nachhaltigen Finanzierung eines zukunftsf\u00e4higen \u00d6PNV mit einer fraktions\u00fcbergreifenden Resolution vom 07.06.2022 deutlich positioniert und dargelegt, dass f\u00fcr die Sicherstellung des bestehenden \u00d6PNV-Angebotes im gesamten Gebiet des VRS eine finanzielle Unterst\u00fctzung durch Bund und Land erforderlich ist (vgl. beigef\u00fcgten Anhang).<\/p>\n\n\n\n<p>Trotz all der finanziellen Schwierigkeiten zur Sicherstellung des bestehenden \u00d6PNV-Angebotes sind nat\u00fcrlich die Erkenntnisse aus dem \u201e9-Euro-Modell\u201c nicht von der Hand zu weisen. Eine Nachfolgeregelung muss durch die L\u00e4nder und den Bund erm\u00f6glicht werden. Auch Herr Landrat Schuster setzt sich immer wieder f\u00fcr ein Nachfolgemodell zum 9 Euro-Ticket ein. Hierzu habe ich Ihnen als Beispiel einen Artikel aus dem General-Anzeiger Bonn vom 10.09.2022 beigef\u00fcgt.<\/p>\n\n\n\n<p>Ich hoffe Ihren Anliegen gedient zu haben und Sie erkennen, dass sich der Rhein-Sieg-Kreis f\u00fcr einen guten und finanzierbaren \u00d6PNV einsetzt, um das gemeinsame Ziel einer Verkehrswende zu erreichen.<\/p>\n\n\n\n<p>Mit freundlichen Gr\u00fc\u00dfen<\/p>\n\n\n\n<p>Im Auftrag<br>Dr. Andr\u00e9 Berbuir<br>Stabsstelle Verkehr und Mobilit\u00e4t<\/p>\n","protected":false},"excerpt":{"rendered":"<p>Sehr geehrter Herr Baum, im Auftrag von Herrn Landrat Schuster bedanke ich mich f\u00fcr Ihre E-Mail vom 22.09.2022 zum Thema \u201eNachfolgeticket zum 9 Euro-Ticket\u201c und darf Ihnen Folgendes mitteilen: Die Situation des \u00d6PNVs in Windeck ist mir sehr wohl bekannt &nbsp;und besonders die Schienenverbindungen in Richtung Siegburg und K\u00f6ln sind \u2013 wie sie auch einleitend [&hellip;]<\/p>\n","protected":false},"author":1,"featured_media":0,"comment_status":"closed","ping_status":"open","sticky":false,"template":"","format":"standard","meta":{"site-sidebar-layout":"default","site-content-layout":"","ast-site-content-layout":"default","site-content-style":"default","site-sidebar-style":"default","ast-global-header-display":"","ast-banner-title-visibility":"","ast-main-header-display":"","ast-hfb-above-header-display":"","ast-hfb-below-header-display":"","ast-hfb-mobile-header-display":"","site-post-title":"","ast-breadcrumbs-content":"","ast-featured-img":"","footer-sml-layout":"","ast-disable-related-posts":"","theme-transparent-header-meta":"","adv-header-id-meta":"","stick-header-meta":"","header-above-stick-meta":"","header-main-stick-meta":"","header-below-stick-meta":"","astra-migrate-meta-layouts":"default","ast-page-background-enabled":"default","ast-page-background-meta":{"desktop":{"background-color":"var(--ast-global-color-4)","background-image":"","background-repeat":"repeat","background-position":"center center","background-size":"auto","background-attachment":"scroll","background-type":"","background-media":"","overlay-type":"","overlay-color":"","overlay-opacity":"","overlay-gradient":""},"tablet":{"background-color":"","background-image":"","background-repeat":"repeat","background-position":"center center","background-size":"auto","background-attachment":"scroll","background-type":"","background-media":"","overlay-type":"","overlay-color":"","overlay-opacity":"","overlay-gradient":""},"mobile":{"background-color":"","background-image":"","background-repeat":"repeat","background-position":"center center","background-size":"auto","background-attachment":"scroll","background-type":"","background-media":"","overlay-type":"","overlay-color":"","overlay-opacity":"","overlay-gradient":""}},"ast-content-background-meta":{"desktop":{"background-color":"var(--ast-global-color-5)","background-image":"","background-repeat":"repeat","background-position":"center center","background-size":"auto","background-attachment":"scroll","background-type":"","background-media":"","overlay-type":"","overlay-color":"","overlay-opacity":"","overlay-gradient":""},"tablet":{"background-color":"var(--ast-global-color-5)","background-image":"","background-repeat":"repeat","background-position":"center center","background-size":"auto","background-attachment":"scroll","background-type":"","background-media":"","overlay-type":"","overlay-color":"","overlay-opacity":"","overlay-gradient":""},"mobile":{"background-color":"var(--ast-global-color-5)","background-image":"","background-repeat":"repeat","background-position":"center center","background-size":"auto","background-attachment":"scroll","background-type":"","background-media":"","overlay-type":"","overlay-color":"","overlay-opacity":"","overlay-gradient":""}},"footnotes":""},"categories":[5],"tags":[],"class_list":["post-840","post","type-post","status-publish","format-standard","hentry","category-mobilitaet"],"_links":{"self":[{"href":"https:\/\/www.klimainitiative-windeck.de\/index.php\/wp-json\/wp\/v2\/posts\/840","targetHints":{"allow":["GET"]}}],"collection":[{"href":"https:\/\/www.klimainitiative-windeck.de\/index.php\/wp-json\/wp\/v2\/posts"}],"about":[{"href":"https:\/\/www.klimainitiative-windeck.de\/index.php\/wp-json\/wp\/v2\/types\/post"}],"author":[{"embeddable":true,"href":"https:\/\/www.klimainitiative-windeck.de\/index.php\/wp-json\/wp\/v2\/users\/1"}],"replies":[{"embeddable":true,"href":"https:\/\/www.klimainitiative-windeck.de\/index.php\/wp-json\/wp\/v2\/comments?post=840"}],"version-history":[{"count":0,"href":"https:\/\/www.klimainitiative-windeck.de\/index.php\/wp-json\/wp\/v2\/posts\/840\/revisions"}],"wp:attachment":[{"href":"https:\/\/www.klimainitiative-windeck.de\/index.php\/wp-json\/wp\/v2\/media?parent=840"}],"wp:term":[{"taxonomy":"category","embeddable":true,"href":"https:\/\/www.klimainitiative-windeck.de\/index.php\/wp-json\/wp\/v2\/categories?post=840"},{"taxonomy":"post_tag","embeddable":true,"href":"https:\/\/www.klimainitiative-windeck.de\/index.php\/wp-json\/wp\/v2\/tags?post=840"}],"curies":[{"name":"wp","href":"https:\/\/api.w.org\/{rel}","templated":true}]}}