{"id":928,"date":"2023-02-17T16:18:08","date_gmt":"2023-02-17T15:18:08","guid":{"rendered":"https:\/\/www.klimainitiative-windeck.de\/?p=928"},"modified":"2024-02-17T19:07:45","modified_gmt":"2024-02-17T18:07:45","slug":"solarstrom-in-windeck-selbst-produzieren","status":"publish","type":"post","link":"https:\/\/www.klimainitiative-windeck.de\/index.php\/2023\/02\/17\/solarstrom-in-windeck-selbst-produzieren\/","title":{"rendered":"Solarstrom in Windeck selbst produzieren"},"content":{"rendered":"\n<div id=\"ez-toc-container\" class=\"ez-toc-v2_0_82_2 counter-hierarchy ez-toc-counter ez-toc-light-blue ez-toc-container-direction\">\n<div class=\"ez-toc-title-container\">\n<p class=\"ez-toc-title\" style=\"cursor:inherit\">Inhaltsverzeichnis<\/p>\n<span class=\"ez-toc-title-toggle\"><a href=\"#\" class=\"ez-toc-pull-right ez-toc-btn ez-toc-btn-xs ez-toc-btn-default ez-toc-toggle\" aria-label=\"Toggle Table of Content\"><span class=\"ez-toc-js-icon-con\"><span class=\"\"><span class=\"eztoc-hide\" style=\"display:none;\">Toggle<\/span><span class=\"ez-toc-icon-toggle-span\"><svg style=\"fill: #999;color:#999\" xmlns=\"http:\/\/www.w3.org\/2000\/svg\" class=\"list-377408\" width=\"20px\" height=\"20px\" viewBox=\"0 0 24 24\" fill=\"none\"><path d=\"M6 6H4v2h2V6zm14 0H8v2h12V6zM4 11h2v2H4v-2zm16 0H8v2h12v-2zM4 16h2v2H4v-2zm16 0H8v2h12v-2z\" fill=\"currentColor\"><\/path><\/svg><svg style=\"fill: #999;color:#999\" class=\"arrow-unsorted-368013\" xmlns=\"http:\/\/www.w3.org\/2000\/svg\" width=\"10px\" height=\"10px\" viewBox=\"0 0 24 24\" version=\"1.2\" baseProfile=\"tiny\"><path d=\"M18.2 9.3l-6.2-6.3-6.2 6.3c-.2.2-.3.4-.3.7s.1.5.3.7c.2.2.4.3.7.3h11c.3 0 .5-.1.7-.3.2-.2.3-.5.3-.7s-.1-.5-.3-.7zM5.8 14.7l6.2 6.3 6.2-6.3c.2-.2.3-.5.3-.7s-.1-.5-.3-.7c-.2-.2-.4-.3-.7-.3h-11c-.3 0-.5.1-.7.3-.2.2-.3.5-.3.7s.1.5.3.7z\"\/><\/svg><\/span><\/span><\/span><\/a><\/span><\/div>\n<nav><ul class='ez-toc-list ez-toc-list-level-1 ' ><li class='ez-toc-page-1 ez-toc-heading-level-2'><a class=\"ez-toc-link ez-toc-heading-1\" href=\"https:\/\/www.klimainitiative-windeck.de\/index.php\/2023\/02\/17\/solarstrom-in-windeck-selbst-produzieren\/#Das_eigene_Balkonkraftwerk\" >Das eigene Balkonkraftwerk<\/a><\/li><li class='ez-toc-page-1 ez-toc-heading-level-2'><a class=\"ez-toc-link ez-toc-heading-2\" href=\"https:\/\/www.klimainitiative-windeck.de\/index.php\/2023\/02\/17\/solarstrom-in-windeck-selbst-produzieren\/#Ein_Balkonkraftwerk_in_Windeck\" >Ein Balkonkraftwerk in Windeck<\/a><ul class='ez-toc-list-level-3' ><li class='ez-toc-heading-level-3'><a class=\"ez-toc-link ez-toc-heading-3\" href=\"https:\/\/www.klimainitiative-windeck.de\/index.php\/2023\/02\/17\/solarstrom-in-windeck-selbst-produzieren\/#Einkauf\" >Einkauf<\/a><\/li><li class='ez-toc-page-1 ez-toc-heading-level-3'><a class=\"ez-toc-link ez-toc-heading-4\" href=\"https:\/\/www.klimainitiative-windeck.de\/index.php\/2023\/02\/17\/solarstrom-in-windeck-selbst-produzieren\/#Lieferung\" >Lieferung<\/a><\/li><li class='ez-toc-page-1 ez-toc-heading-level-3'><a class=\"ez-toc-link ez-toc-heading-5\" href=\"https:\/\/www.klimainitiative-windeck.de\/index.php\/2023\/02\/17\/solarstrom-in-windeck-selbst-produzieren\/#Installation\" >Installation<\/a><\/li><li class='ez-toc-page-1 ez-toc-heading-level-3'><a class=\"ez-toc-link ez-toc-heading-6\" href=\"https:\/\/www.klimainitiative-windeck.de\/index.php\/2023\/02\/17\/solarstrom-in-windeck-selbst-produzieren\/#Ausrichtung_der_Panels\" >Ausrichtung der Panels<\/a><\/li><li class='ez-toc-page-1 ez-toc-heading-level-3'><a class=\"ez-toc-link ez-toc-heading-7\" href=\"https:\/\/www.klimainitiative-windeck.de\/index.php\/2023\/02\/17\/solarstrom-in-windeck-selbst-produzieren\/#Kosten_und_Ertrag\" >Kosten und Ertrag<\/a><\/li><\/ul><\/li><li class='ez-toc-page-1 ez-toc-heading-level-2'><a class=\"ez-toc-link ez-toc-heading-8\" href=\"https:\/\/www.klimainitiative-windeck.de\/index.php\/2023\/02\/17\/solarstrom-in-windeck-selbst-produzieren\/#Fazit\" >Fazit<\/a><\/li><\/ul><\/nav><\/div>\n<h2 class=\"wp-block-heading\"><span class=\"ez-toc-section\" id=\"Das_eigene_Balkonkraftwerk\"><\/span>Das eigene Balkonkraftwerk<span class=\"ez-toc-section-end\"><\/span><\/h2>\n\n\n\n<p>Seit einigen Jahren gibt es sogenannte Balkonkraftwerke im normalen Einzelhandel zu kaufen, die mit etwas handwerklichem Geschick selbst installiert werden k\u00f6nnen. Es muss kein Fachbetrieb beauftragt werden, es nervt keine komplizierte B\u00fcrokratie und es wird auch keine Dachfl\u00e4che daf\u00fcr ben\u00f6tigt. Ein sonniges Pl\u00e4tzchen, z. B. am eigenen Balkon, und idealerweise eine Au\u00dfensteckdose reichen.<\/p>\n\n\n\n<p>Meist bestehen diese Kraftwerke aus ein oder zwei Panels, die an einen Wechselrichter angeschlossen werden. Dieser wird dann ganz einfach mittels eines Schuko-Steckers mit einer Steckdose verbunden. Bei Tag wird so der eigene Solarstrom produziert.<\/p>\n\n\n\n<h2 class=\"wp-block-heading\"><span class=\"ez-toc-section\" id=\"Ein_Balkonkraftwerk_in_Windeck\"><\/span>Ein Balkonkraftwerk in Windeck<span class=\"ez-toc-section-end\"><\/span><\/h2>\n\n\n\n<p>Ein Mitglied der KlimaInitiative Windeck hat sich im Februar 2023 solch ein Balkonkraftwerk zugelegt und berichtet hier von seinen Erfahrungen:<\/p>\n\n\n\n<h3 class=\"wp-block-heading\"><span class=\"ez-toc-section\" id=\"Einkauf\"><\/span>Einkauf<span class=\"ez-toc-section-end\"><\/span><\/h3>\n\n\n\n<p>Im Jahr 2022 waren Balkonkraftwerke schwer zu bekommen, aber seitdem ab Januar 2023 keine Mehrwertsteuer mehr auf Balkonkraftwerke gezahlt werden muss, gibt es auf einmal wieder welche. Also habe ich schnell zuschnappt und im Onlineshop von Netto bestellt (703\u20ac). Auch im Online-Marktplatz von Otto oder bei eBay kann man f\u00fcndig werden und sicherlich auch bei anderen H\u00e4ndlern.<\/p>\n\n\n\n<h3 class=\"wp-block-heading\"><span class=\"ez-toc-section\" id=\"Lieferung\"><\/span>Lieferung<span class=\"ez-toc-section-end\"><\/span><\/h3>\n\n\n\n<p>Die Lieferung erfolgte per Spedition, da besonders die Panels recht gro\u00df sind (175&#215;110 cm). Es empfiehlt sich daher unbedingt auf die Ma\u00dfe zu achten und vorher zu pr\u00fcfen, ob die Panels auch am gew\u00fcnschten Ort Platz haben. Es gibt prinzipiell auch kleinere Panels. Ich war beim Ausmessen etwas nachl\u00e4ssig und im Ergebnis von der Gr\u00f6\u00dfe \u00fcberrascht. Zum Gl\u00fcck haben meine Frau und ich aber genug Platz am Haus und konnten einen geeigneten Ort zum Anbringen finden.<\/p>\n\n\n\n<figure class=\"wp-block-image aligncenter size-full is-resized\"><img loading=\"lazy\" decoding=\"async\" width=\"541\" height=\"800\" src=\"https:\/\/www.klimainitiative-windeck.de\/wp-content\/uploads\/2023\/02\/Groesse.jpg\" alt=\"Ein Solarpanel, welches Hochkant auf dem Boden steht. Dahinter lugt ein Mann hervor, der gerade so \u00fcber das Panel schauen kann.\" class=\"wp-image-930\" style=\"width:271px;height:400px\" srcset=\"https:\/\/www.klimainitiative-windeck.de\/wp-content\/uploads\/2023\/02\/Groesse.jpg 541w, https:\/\/www.klimainitiative-windeck.de\/wp-content\/uploads\/2023\/02\/Groesse-203x300.jpg 203w\" sizes=\"auto, (max-width: 541px) 100vw, 541px\" \/><figcaption class=\"wp-element-caption\">Ein Panel, frisch ausgepackt und aufgestellt, war \u00fcberraschend gro\u00df.<\/figcaption><\/figure>\n\n\n\n<h3 class=\"wp-block-heading\"><span class=\"ez-toc-section\" id=\"Installation\"><\/span>Installation<span class=\"ez-toc-section-end\"><\/span><\/h3>\n\n\n\n<p>In der Regel werden keine <strong>Halterungen <\/strong>bei den Balkonkraftwerken mitgeliefert. Ich musste sie also separat bestellen. Da mir anhand der Produktbeschreibungen im Onlineshop nicht ganz klar war, wie der Rahmen der Panels aussieht und wo da Befestigungsl\u00f6cher vorgesehen sind, wartete ich bis das Kraftwerk geliefert wurde. Dann konnte ich den Rahmen begutachten und bei eBay zwei passende Halterungen bestellen (f\u00fcr jedes der zwei Panel eine Halterung, 2x 40\u20ac).<\/p>\n\n\n\n<p>Dank der tatkr\u00e4ftigen <strong>Unterst\u00fctzung <\/strong>von weiteren Mitgliedern der KlimaInitiative haben wir uns an einem Sonntagnachmittag an die Installation gemacht. Jedes Panel wiegt ca. 20kg. Wir waren insgesamt f\u00fcnf Personen. Je eine Person hat einer der vier Ecken gehalten, zwei von unten und zwei von oben. Die f\u00fcnfte Person konnte dann die Halterungen anbringen, w\u00e4hrend die anderen das Panel gehalten haben. Mit etwas \u00dcbung w\u00e4re es wom\u00f6glich auch mit weniger Personen gegangen, im Endeffekt waren f\u00fcnf aber eine gute Anzahl.<\/p>\n\n\n\n<p>Nach ca. zwei Stunden hingen die beiden Panels und der Wechselrichter war an einer Au\u00dfensteckdose angebracht. Weil die Panels nicht an der urspr\u00fcnglichen Stelle Platz hatten, musste zus\u00e4tzlich noch ein Verl\u00e4ngerungskabel, welches direkt in den Wechselrichter angeschlossen werden kann, besorgt werden (45\u20ac bei eBay). Das mitgelieferte 5m-Kabel war leider zu kurz.<\/p>\n\n\n\n<p>Einen geeigneten Zweirichtungsz\u00e4hler, lie\u00df ich bereits im Vorjahr einbauen, so dass auch niemand mehr kommen muss, um den <strong>Stromz\u00e4hler <\/strong>am Hausanschluss auszutauschen (was aber f\u00fcr den Stromkunden kostenlos w\u00e4re).<\/p>\n\n\n\n<p>Dann musste das Kraftwerk noch bei der Bundesnetzagentur und beim Netzbetreiber angemeldet werden. Das ist <strong>ein wenig b\u00fcrokratischer Aufwand<\/strong>, der online erledigt werden kann. Es ist dort aber gut erkl\u00e4rt, was in die jeweiligen Felder der Formulare eingetragen werden soll.<\/p>\n\n\n\n<p class=\"has-pale-cyan-blue-background-color has-background\" style=\"font-style:normal;font-weight:400\"><strong>Wichtig! Mehrere Solarkraftwerke gleichzeitig wird schwierig.<\/strong><br>Wer bereits ein Solarkraftwerk am eigenen Hausnetz angeschlossen hat, kann leider nicht so einfach ein zus\u00e4tzliches Balkonkraftwerk dazu installieren. Die Wechselrichter m\u00fcssen kompatibel sein. Fragen Sie vorab am besten die Fachleute, die ihr vorhandenes Solarkraftwerk installiert haben.<\/p>\n\n\n\n<h3 class=\"wp-block-heading\"><span class=\"ez-toc-section\" id=\"Ausrichtung_der_Panels\"><\/span>Ausrichtung der Panels<span class=\"ez-toc-section-end\"><\/span><\/h3>\n\n\n\n<p>Wir haben uns daf\u00fcr entschieden ein Panel nach S\u00fcden und eins gen Westen auszurichten. W\u00fcrden beide nach S\u00fcden ausgerichtet sein, dann w\u00e4re der <strong>Gesamtstromertrag <\/strong>der Anlage zwar am h\u00f6chsten, allerdings w\u00fcrde sich der hohe Stromertrag dann auf die Mittagszeit (+\/- ein paar Stunden) beschr\u00e4nken und gen Nachmittag\/Abend stark nachlassen.<\/p>\n\n\n\n<p>Mit der Ausrichtung eines Panels gen Westen haben wir mittags nicht so viel Strom, aber daf\u00fcr mehr am Nachmittag und am Abend. F\u00fcr die <strong>Eigennutzung <\/strong>ist die Stromerzeugung so besser \u00fcber den Tag verteilt.<br>Eine Ausrichtung gen Osten w\u00e4re prinzipiell auch m\u00f6glich, bei uns jedoch nicht ratsam, da bei uns vor 9 Uhr wegen Verschattung nie die Sonne auf das Grundst\u00fcck scheinen kann.<\/p>\n\n\n\n<p>Die Halterungen erm\u00f6glichen, dass der Neigungswinkel der Panels durch ein paar Stellschrauben angepasst werden kann. So k\u00f6nnen die Panels im Sommer, wenn die Sonne h\u00f6her steht, etwas flacher gestellt und im Winter, wenn die Sonne tiefer steht, steiler angewinkelt werden. Dadurch kann der Stromertrag noch optimiert werden.<\/p>\n\n\n\n<h3 class=\"wp-block-heading\"><span class=\"ez-toc-section\" id=\"Kosten_und_Ertrag\"><\/span>Kosten und Ertrag<span class=\"ez-toc-section-end\"><\/span><\/h3>\n\n\n\n<p>Die Kosten der Anlage betrugen insgesamt ca. 835 \u20ac (Panels, Wechselrichter, Halterungen, Verl\u00e4ngerungskabel, Schrauben).<\/p>\n\n\n\n<p>An den ersten drei Tagen nach ihrer Installation erzeugte die Anlage 8 kWh. Es waren sehr sonnige Februartage mit insgesamt ca. 30 Sonnenstunden. Legt man 1500 Sonnenstunden im Jahr zu Grunde, k\u00f6nnen wir mit einem <strong>Mindestertrag von 400 kWh<\/strong> im Jahr rechnen. Prinzipiell erzeugt die Anlage ja auch Strom, wenn keine Sonne scheint. Dann nur deutlich weniger, aber wahrscheinlich genug, um den Stromverbrauch der aktiven Standbyger\u00e4te im Haushalt zu decken. Daher werden es voraussichtlich noch etwas mehr als 400 kWh.<\/p>\n\n\n\n<p>Von den 8 kWh konnten wir ungef\u00e4hr 3 kWh selbst verbrauchen. Den Rest speisten wir ins Netz und schenken ihn quasi dem Netzbetreiber. Das ist bei Balkonkraftwerken so \u00fcblich, weil der Ertrag nicht hoch genug ist, dass sich eine Anmeldung zur Einspeiseverg\u00fctung lohnen w\u00fcrde \u2013 so liest man es gemeinhin jedenfalls und ich habe das bisher so akzeptiert.<\/p>\n\n\n\n<p>Hier ist nun noch etwas <strong>Optimierungsehrgeiz <\/strong>gefragt, damit man z. B. die Waschmaschine oder Sp\u00fclmaschine dann laufen l\u00e4sst, wenn gerade ein hoher Stromertrag generiert wird. So kann die Eigenverbrauchsquote verbessert werden.<\/p>\n\n\n\n<p>Angenommen wir werden 50 % des erzeugten Stroms selbst verbrauchen, dann sparen wir also 200 kWh. Unser Stromanbieter verlangt derzeit 0,53 \u20ac\/kWh, wir w\u00fcrden damit also 106 \u20ac pro Jahr sparen, womit sich die Anlage <strong>nach ca. 8 Jahren amortisiert<\/strong> h\u00e4tte. Ab dem achten Jahr w\u00fcrden wir also effektiv Geld sparen.<\/p>\n\n\n\n<p>Die energetische Amortisationszeit (die Zeit, welche die Anlage ben\u00f6tigt, um die Menge an Energie zu erzeugen, die bei ihrer Herstellung gebraucht wurde) betr\u00e4gt bei modernen Anlagen nur noch wenige Jahre (vgl. <a href=\"https:\/\/www.volker-quaschning.de\/datserv\/kev\/index.php\" target=\"_blank\" rel=\"noreferrer noopener\">Quaschning<\/a>). Also auch das Klima gewinnt dabei.<\/p>\n\n\n\n<h2 class=\"wp-block-heading\"><span class=\"ez-toc-section\" id=\"Fazit\"><\/span>Fazit<span class=\"ez-toc-section-end\"><\/span><\/h2>\n\n\n\n<p>\u00dcberrascht war ich von dem Umstand, wie der Wechselrichter seine maximale Ausgangsleistung von 600 W generiert. Ich war davon ausgegangen, dass er beide Panels (jedes kann maximal 410 W erzeugen) zusammen auf 600 W begrenzt. Tats\u00e4chlich wird aber jedes einzelne Panel auf 300 W begrenzt. Dadurch sinkt der Stromertrag etwas, weil ein Panel auch dann auf 300 W gedeckelt wird, wenn beide zusammen noch keine 600 W erzeugen. Ein anderer Wechselrichter, der bis 800 W erzeugen kann, k\u00f6nnte das Problem beseitigen. Dazu muss sich in Deutschland aber noch die Gesetzeslage \u00e4ndern, denn derzeit sind f\u00fcr Balkonkraftwerke maximal 600 W erlaubt. Es gibt aber Hoffnung, dass der Wert bald auf 800 W angehoben wird.<\/p>\n\n\n\n<p>Sicher, die beiden Panels werten unsere Terrasse optisch nicht auf. Aber das brauchen sie auch nicht. Ein Fernseher (ebenfalls ein schwarzes Rechteck wie ein Solarpanel) wertet ein Wohnzimmer nach meinem Empfinden optisch auch nicht auf, ebenso wie ein Auto vorm Haus keine Zierde ist. Aber alles hat seine Berechtigung und es muss und kann nicht immer alles h\u00fcbsch anzusehen sein. Wir sehen die Panels ohnehin kaum.<\/p>\n\n\n\n<p>Ich bin gespannt wie der Ertrag sich entwickeln wird und wie ich mit meiner Ertragssch\u00e4tzung liegen werde (ich werde <a href=\"https:\/\/www.klimainitiative-windeck.de\/index.php\/2024\/02\/17\/balkonkraftwerk-in-windeck-fazit-nach-einem-jahr\/\" data-type=\"post\" data-id=\"1320\">an dieser Stelle berichten<\/a>). Es gibt ja nicht viele technische Ger\u00e4te, die sich nach gewisser Zeit finanziell amortisieren. Wenn man zus\u00e4tzlich wie ich noch Spa\u00df daran hat eigenen Sonnenstrom zu erzeugen und seinen Stromverbrauch zu optimieren, dann hat man noch zus\u00e4tzlichen Nutzen aus der Anlage. Da der Wechselrichter mit meinem WLAN verbunden ist, kann ich den Stromertrag \u00fcber eine Handy-App kontrollieren.<\/p>\n\n\n\n<figure class=\"wp-block-image aligncenter size-full is-resized\"><img loading=\"lazy\" decoding=\"async\" width=\"800\" height=\"958\" src=\"https:\/\/www.klimainitiative-windeck.de\/wp-content\/uploads\/2023\/02\/Stromertragsgraph.png\" alt=\"Ein Diagramm, auf der X-Achse die Uhrzeit und auf der Y-Achse der Stromertrag in Watt. Zu sehen ist der Stromertrag zwischen Sonnenauf- und -untergang bis zu einem Maximum von ca. 520W.\" class=\"wp-image-934\" style=\"width:300px;height:300px\" srcset=\"https:\/\/www.klimainitiative-windeck.de\/wp-content\/uploads\/2023\/02\/Stromertragsgraph.png 800w, https:\/\/www.klimainitiative-windeck.de\/wp-content\/uploads\/2023\/02\/Stromertragsgraph-251x300.png 251w, https:\/\/www.klimainitiative-windeck.de\/wp-content\/uploads\/2023\/02\/Stromertragsgraph-768x920.png 768w\" sizes=\"auto, (max-width: 800px) 100vw, 800px\" \/><figcaption class=\"wp-element-caption\">Der Stromertrag unserer Anlage an einem durchgehend sonnigen Februartag. Auf der linken Seite des Graphen sieht man die &#8222;Terrasse&#8220;, die entsteht weil das s\u00fcdlich ausgerichtete Panel bereits bei 300W gedeckelt wird.<\/figcaption><\/figure>\n\n\n\n<p>F\u00fcr weitere Infos sei die <a href=\"https:\/\/www.verbraucherzentrale.de\/wissen\/energie\/erneuerbare-energien\/steckersolar-solarstrom-vom-balkon-direkt-in-die-steckdose-44715\">Website der Verbraucherzentrale<\/a> empfohlen. Gerne k\u00f6nnen auch wir von der KlimaInitiative Windeck versuchen Ihre Fragen zu beantworten. \u00dcber <a href=\"https:\/\/www.klimainitiative-windeck.de\/index.php\/kontakt\/\">unser Kontaktformular<\/a> k\u00f6nnen Sie ganz einfach Kontakt mit uns aufnehmen. Wir freuen uns immer \u00fcber Personen, die aktiv an der Energiewende mitarbeiten wollen.<\/p>\n\n\n\n<p class=\"has-text-align-right\"><em>Text: Ingmar Steinicke<\/em><\/p>\n","protected":false},"excerpt":{"rendered":"<p>Das eigene Balkonkraftwerk Seit einigen Jahren gibt es sogenannte Balkonkraftwerke im normalen Einzelhandel zu kaufen, die mit etwas handwerklichem Geschick selbst installiert werden k\u00f6nnen. Es muss kein Fachbetrieb beauftragt werden, es nervt keine komplizierte B\u00fcrokratie und es wird auch keine Dachfl\u00e4che daf\u00fcr ben\u00f6tigt. Ein sonniges Pl\u00e4tzchen, z. B. am eigenen Balkon, und idealerweise eine Au\u00dfensteckdose [&hellip;]<\/p>\n","protected":false},"author":1,"featured_media":931,"comment_status":"closed","ping_status":"open","sticky":false,"template":"","format":"standard","meta":{"site-sidebar-layout":"default","site-content-layout":"","ast-site-content-layout":"default","site-content-style":"default","site-sidebar-style":"default","ast-global-header-display":"","ast-banner-title-visibility":"","ast-main-header-display":"","ast-hfb-above-header-display":"","ast-hfb-below-header-display":"","ast-hfb-mobile-header-display":"","site-post-title":"","ast-breadcrumbs-content":"","ast-featured-img":"","footer-sml-layout":"","ast-disable-related-posts":"","theme-transparent-header-meta":"","adv-header-id-meta":"","stick-header-meta":"","header-above-stick-meta":"","header-main-stick-meta":"","header-below-stick-meta":"","astra-migrate-meta-layouts":"set","ast-page-background-enabled":"default","ast-page-background-meta":{"desktop":{"background-color":"var(--ast-global-color-4)","background-image":"","background-repeat":"repeat","background-position":"center center","background-size":"auto","background-attachment":"scroll","background-type":"","background-media":"","overlay-type":"","overlay-color":"","overlay-opacity":"","overlay-gradient":""},"tablet":{"background-color":"","background-image":"","background-repeat":"repeat","background-position":"center center","background-size":"auto","background-attachment":"scroll","background-type":"","background-media":"","overlay-type":"","overlay-color":"","overlay-opacity":"","overlay-gradient":""},"mobile":{"background-color":"","background-image":"","background-repeat":"repeat","background-position":"center center","background-size":"auto","background-attachment":"scroll","background-type":"","background-media":"","overlay-type":"","overlay-color":"","overlay-opacity":"","overlay-gradient":""}},"ast-content-background-meta":{"desktop":{"background-color":"var(--ast-global-color-5)","background-image":"","background-repeat":"repeat","background-position":"center center","background-size":"auto","background-attachment":"scroll","background-type":"","background-media":"","overlay-type":"","overlay-color":"","overlay-opacity":"","overlay-gradient":""},"tablet":{"background-color":"var(--ast-global-color-5)","background-image":"","background-repeat":"repeat","background-position":"center center","background-size":"auto","background-attachment":"scroll","background-type":"","background-media":"","overlay-type":"","overlay-color":"","overlay-opacity":"","overlay-gradient":""},"mobile":{"background-color":"var(--ast-global-color-5)","background-image":"","background-repeat":"repeat","background-position":"center center","background-size":"auto","background-attachment":"scroll","background-type":"","background-media":"","overlay-type":"","overlay-color":"","overlay-opacity":"","overlay-gradient":""}},"footnotes":""},"categories":[7],"tags":[],"class_list":["post-928","post","type-post","status-publish","format-standard","has-post-thumbnail","hentry","category-energie"],"_links":{"self":[{"href":"https:\/\/www.klimainitiative-windeck.de\/index.php\/wp-json\/wp\/v2\/posts\/928","targetHints":{"allow":["GET"]}}],"collection":[{"href":"https:\/\/www.klimainitiative-windeck.de\/index.php\/wp-json\/wp\/v2\/posts"}],"about":[{"href":"https:\/\/www.klimainitiative-windeck.de\/index.php\/wp-json\/wp\/v2\/types\/post"}],"author":[{"embeddable":true,"href":"https:\/\/www.klimainitiative-windeck.de\/index.php\/wp-json\/wp\/v2\/users\/1"}],"replies":[{"embeddable":true,"href":"https:\/\/www.klimainitiative-windeck.de\/index.php\/wp-json\/wp\/v2\/comments?post=928"}],"version-history":[{"count":0,"href":"https:\/\/www.klimainitiative-windeck.de\/index.php\/wp-json\/wp\/v2\/posts\/928\/revisions"}],"wp:featuredmedia":[{"embeddable":true,"href":"https:\/\/www.klimainitiative-windeck.de\/index.php\/wp-json\/wp\/v2\/media\/931"}],"wp:attachment":[{"href":"https:\/\/www.klimainitiative-windeck.de\/index.php\/wp-json\/wp\/v2\/media?parent=928"}],"wp:term":[{"taxonomy":"category","embeddable":true,"href":"https:\/\/www.klimainitiative-windeck.de\/index.php\/wp-json\/wp\/v2\/categories?post=928"},{"taxonomy":"post_tag","embeddable":true,"href":"https:\/\/www.klimainitiative-windeck.de\/index.php\/wp-json\/wp\/v2\/tags?post=928"}],"curies":[{"name":"wp","href":"https:\/\/api.w.org\/{rel}","templated":true}]}}